{"id":232,"date":"2021-10-13T15:31:22","date_gmt":"2021-10-13T18:31:22","guid":{"rendered":"http:\/\/sanvicente.com.br\/blog\/?p=232"},"modified":"2021-10-13T15:31:22","modified_gmt":"2021-10-13T18:31:22","slug":"mercado-imobiliario-aponta-para-novo-modelo-de-cidade-pos-pandemia","status":"publish","type":"post","link":"http:\/\/sanvicente.com.br\/blog\/mercado-imobiliario-aponta-para-novo-modelo-de-cidade-pos-pandemia\/","title":{"rendered":"Mercado imobili\u00e1rio aponta para novo modelo de cidade p\u00f3s-pandemia"},"content":{"rendered":"<p>Verdade seja dita: o mercado imobili\u00e1rio \u00e9 tradicional e importante para o nosso PIB, mas, historicamente, n\u00e3o \u00e9 o melhor benchmark para quem pensa em inova\u00e7\u00e3o&#8230;<\/p>\n<p>Por\u00e9m, como todos os mercados consolidados e propulsores de desenvolvimento, era necess\u00e1rio iniciar e acelerar novas formas de viver e de morar. Se na pr\u00e9-pandemia havia iniciativas isoladas para criar alternativas e reinventar modelos, agora vemos uma onda pulsante e definitiva de novas tecnologias, pensamentos e escolhas em toda a cadeia imobili\u00e1ria: da incorpora\u00e7\u00e3o \u00e0 gest\u00e3o da vida em comum.<\/p>\n<p>O principal motivo? A casa virou, h\u00e1 18 meses, o centro da vida. Da noite para o dia, al\u00e9m de moradia, o lar tornou-se escrit\u00f3rio, escola, academia e \u00fanica chance de lazer.<\/p>\n<p>O bairro e o com\u00e9rcio local tamb\u00e9m ganharam relev\u00e2ncia. Observou-se um aumento exponencial, por exemplo, na busca por biciclet\u00e1rios nos mais de tr\u00eas mil condom\u00ednios administrados pela Lello Condom\u00ednios, onde moram mais de um milh\u00e3o de pessoas.<\/p>\n<p>Resolver a vida a p\u00e9, ser amigo do vizinho e descobrir os tesouros do bairro se tornaram h\u00e1bitos valiosos e geradores de felicidade para as pessoas.<\/p>\n<p>Mobilidade urbana, felicidade e qualidade de vida domiciliar tornaram-se quest\u00f5es de crescente import\u00e2ncia para quem mora na cidade, e isso impacta profundamente o mercado imobili\u00e1rio, que se ajusta para atender \u00e0s novas necessidades dos consumidores.<\/p>\n<p>Estamos em um tempo de profunda transforma\u00e7\u00e3o de comportamento e estilo de vida, como as gera\u00e7\u00f5es vivas nunca viram acontecer.<\/p>\n<p>E as marcas est\u00e3o tentando entender este \u201cZeitgeist\u201d, esfor\u00e7ando-se para estarem cada vez mais perto dos consumidores, construindo o principal atributo de relacionamento p\u00f3s-pand\u00eamico: a confian\u00e7a.<\/p>\n<p>Leia mais em\u00a0Exame.com<\/p>\n","protected":false},"excerpt":{"rendered":"<p>Verdade seja dita: o mercado imobili\u00e1rio \u00e9 tradicional e importante para o nosso PIB, mas, historicamente, n\u00e3o \u00e9 o melhor benchmark para quem pensa em inova\u00e7\u00e3o&#8230; Por\u00e9m, como todos os mercados consolidados e propulsores de desenvolvimento, era necess\u00e1rio iniciar e acelerar novas formas de viver e de morar. Se na pr\u00e9-pandemia havia iniciativas isoladas para [&hellip;]<\/p>\n","protected":false},"author":1,"featured_media":233,"comment_status":"open","ping_status":"open","sticky":false,"template":"","format":"standard","meta":{"footnotes":""},"categories":[4,3],"tags":[],"class_list":{"0":"post-232","1":"post","2":"type-post","3":"status-publish","4":"format-standard","5":"has-post-thumbnail","7":"category-noticias_do_mercado","8":"category-tendencias"},"_links":{"self":[{"href":"http:\/\/sanvicente.com.br\/blog\/wp-json\/wp\/v2\/posts\/232","targetHints":{"allow":["GET"]}}],"collection":[{"href":"http:\/\/sanvicente.com.br\/blog\/wp-json\/wp\/v2\/posts"}],"about":[{"href":"http:\/\/sanvicente.com.br\/blog\/wp-json\/wp\/v2\/types\/post"}],"author":[{"embeddable":true,"href":"http:\/\/sanvicente.com.br\/blog\/wp-json\/wp\/v2\/users\/1"}],"replies":[{"embeddable":true,"href":"http:\/\/sanvicente.com.br\/blog\/wp-json\/wp\/v2\/comments?post=232"}],"version-history":[{"count":1,"href":"http:\/\/sanvicente.com.br\/blog\/wp-json\/wp\/v2\/posts\/232\/revisions"}],"predecessor-version":[{"id":234,"href":"http:\/\/sanvicente.com.br\/blog\/wp-json\/wp\/v2\/posts\/232\/revisions\/234"}],"wp:featuredmedia":[{"embeddable":true,"href":"http:\/\/sanvicente.com.br\/blog\/wp-json\/wp\/v2\/media\/233"}],"wp:attachment":[{"href":"http:\/\/sanvicente.com.br\/blog\/wp-json\/wp\/v2\/media?parent=232"}],"wp:term":[{"taxonomy":"category","embeddable":true,"href":"http:\/\/sanvicente.com.br\/blog\/wp-json\/wp\/v2\/categories?post=232"},{"taxonomy":"post_tag","embeddable":true,"href":"http:\/\/sanvicente.com.br\/blog\/wp-json\/wp\/v2\/tags?post=232"}],"curies":[{"name":"wp","href":"https:\/\/api.w.org\/{rel}","templated":true}]}}