{"id":242,"date":"2021-10-18T16:10:01","date_gmt":"2021-10-18T19:10:01","guid":{"rendered":"http:\/\/sanvicente.com.br\/blog\/?p=242"},"modified":"2021-10-18T16:10:01","modified_gmt":"2021-10-18T19:10:01","slug":"valorizacao-patrimonial-dos-imoveis-atingiu-r-15-tri-em-um-ano","status":"publish","type":"post","link":"http:\/\/sanvicente.com.br\/blog\/valorizacao-patrimonial-dos-imoveis-atingiu-r-15-tri-em-um-ano\/","title":{"rendered":"Valoriza\u00e7\u00e3o patrimonial dos im\u00f3veis atingiu R$ 1,5 tri em um ano:"},"content":{"rendered":"<div class=\"\" data-block=\"true\" data-editor=\"2n4u6\" data-offset-key=\"6v2h0-0-0\">\n<div class=\"_1mf _1mj\" data-offset-key=\"6v2h0-0-0\"><span data-offset-key=\"6v2h0-0-0\">A evolu\u00e7\u00e3o do pre\u00e7o dos im\u00f3veis est\u00e1 sendo respons\u00e1vel por elevar de forma substancial o patrim\u00f4nio dos brasileiros.<\/span><\/div>\n<\/div>\n<div class=\"\" data-block=\"true\" data-editor=\"2n4u6\" data-offset-key=\"csr70-0-0\">\n<div class=\"_1mf _1mj\" data-offset-key=\"csr70-0-0\"><span data-offset-key=\"csr70-0-0\">\u00a0<\/span><\/div>\n<\/div>\n<div class=\"\" data-block=\"true\" data-editor=\"2n4u6\" data-offset-key=\"5bdlq-0-0\">\n<div class=\"_1mf _1mj\" data-offset-key=\"5bdlq-0-0\"><span data-offset-key=\"5bdlq-0-0\">Nos \u00faltimos 12 meses foi registrada uma eleva\u00e7\u00e3o de 12,5% nos pre\u00e7os praticados, de acordo com o indicador IGMI-R (\u00cdndice Geral de Pre\u00e7os do Mercado Imobili\u00e1rio Residencial) da Associa\u00e7\u00e3o Brasileira das Entidades de Cr\u00e9dito Imobili\u00e1rio e Poupan\u00e7a (Abecip).<\/span><\/div>\n<\/div>\n<div class=\"\" data-block=\"true\" data-editor=\"2n4u6\" data-offset-key=\"90s9q-0-0\">\n<div class=\"_1mf _1mj\" data-offset-key=\"90s9q-0-0\"><span data-offset-key=\"90s9q-0-0\">\u00a0<\/span><\/div>\n<\/div>\n<div class=\"\" data-block=\"true\" data-editor=\"2n4u6\" data-offset-key=\"16ha9-0-0\">\n<div class=\"_1mf _1mj\" data-offset-key=\"16ha9-0-0\"><span data-offset-key=\"16ha9-0-0\">Em cidades como S\u00e3o Paulo, esse aumento foi ainda maior, batendo em 19,3%. Ao aplicar esse ganho sobre o valor patrimonial dos im\u00f3veis chegamos a uma valoriza\u00e7\u00e3o estimada de 1,5 trilh\u00e3o de reais.<\/span><\/div>\n<\/div>\n<div class=\"\" data-block=\"true\" data-editor=\"2n4u6\" data-offset-key=\"90ap-0-0\">\n<div class=\"_1mf _1mj\" data-offset-key=\"90ap-0-0\"><span data-offset-key=\"90ap-0-0\">\u00a0<\/span><\/div>\n<\/div>\n<div class=\"\" data-block=\"true\" data-editor=\"2n4u6\" data-offset-key=\"5qef3-0-0\">\n<div class=\"_1mf _1mj\" data-offset-key=\"5qef3-0-0\"><span data-offset-key=\"5qef3-0-0\">Essa onda positiva tamb\u00e9m ocorre em outros pa\u00edses. No Reino Unido, por exemplo, um estudo recente mostra uma valoriza\u00e7\u00e3o patrimonial de 1,2 trilh\u00e3o de d\u00f3lares, maior valoriza\u00e7\u00e3o anual desde 1950.<\/span><\/div>\n<\/div>\n<div class=\"\" data-block=\"true\" data-editor=\"2n4u6\" data-offset-key=\"e8qsb-0-0\">\n<div class=\"_1mf _1mj\" data-offset-key=\"e8qsb-0-0\"><span data-offset-key=\"e8qsb-0-0\">\u00a0<\/span><\/div>\n<\/div>\n<div class=\"\" data-block=\"true\" data-editor=\"2n4u6\" data-offset-key=\"65gjl-0-0\">\n<div class=\"_1mf _1mj\" data-offset-key=\"65gjl-0-0\"><span data-offset-key=\"65gjl-0-0\">Estudo realizado em junho pela Bloomberg apurou que os \u00edndices subiram consideravelmente em diferentes pa\u00edses, entre eles, Nova Zel\u00e2ndia, Canad\u00e1, Su\u00e9cia, Dinamarca e Estados Unidos.<\/span><\/div>\n<\/div>\n<div class=\"\" data-block=\"true\" data-editor=\"2n4u6\" data-offset-key=\"4q6bq-0-0\">\n<div class=\"_1mf _1mj\" data-offset-key=\"4q6bq-0-0\"><span data-offset-key=\"4q6bq-0-0\">\u00a0<\/span><\/div>\n<\/div>\n<div class=\"\" data-block=\"true\" data-editor=\"2n4u6\" data-offset-key=\"bj808-0-0\">\n<div class=\"_1mf _1mj\" data-offset-key=\"bj808-0-0\"><span data-offset-key=\"bj808-0-0\">Outro ponto positivo \u00e9 que tamb\u00e9m notamos valoriza\u00e7\u00e3o nos pre\u00e7os de cidades que antes vinham enfrentando um desaquecimento no mercado imobili\u00e1rio. Um exemplo \u00e9 o Rio de Janeiro, que cujo pre\u00e7o cresceu 10%.<\/span><\/div>\n<\/div>\n<div class=\"\" data-block=\"true\" data-editor=\"2n4u6\" data-offset-key=\"ajj8m-0-0\">\n<div class=\"_1mf _1mj\" data-offset-key=\"ajj8m-0-0\"><span data-offset-key=\"ajj8m-0-0\">\u00a0<\/span><\/div>\n<\/div>\n<div class=\"\" data-block=\"true\" data-editor=\"2n4u6\" data-offset-key=\"3tbd0-0-0\">\n<div class=\"_1mf _1mj\" data-offset-key=\"3tbd0-0-0\"><span data-offset-key=\"3tbd0-0-0\">Leia mais em Exame.<\/span><\/div>\n<\/div>\n","protected":false},"excerpt":{"rendered":"<p>A evolu\u00e7\u00e3o do pre\u00e7o dos im\u00f3veis est\u00e1 sendo respons\u00e1vel por elevar de forma substancial o patrim\u00f4nio dos brasileiros. \u00a0 Nos \u00faltimos 12 meses foi registrada uma eleva\u00e7\u00e3o de 12,5% nos pre\u00e7os praticados, de acordo com o indicador IGMI-R (\u00cdndice Geral de Pre\u00e7os do Mercado Imobili\u00e1rio Residencial) da Associa\u00e7\u00e3o Brasileira das Entidades de Cr\u00e9dito Imobili\u00e1rio e [&hellip;]<\/p>\n","protected":false},"author":1,"featured_media":243,"comment_status":"open","ping_status":"open","sticky":false,"template":"","format":"standard","meta":{"footnotes":""},"categories":[4,3],"tags":[],"class_list":{"0":"post-242","1":"post","2":"type-post","3":"status-publish","4":"format-standard","5":"has-post-thumbnail","7":"category-noticias_do_mercado","8":"category-tendencias"},"_links":{"self":[{"href":"http:\/\/sanvicente.com.br\/blog\/wp-json\/wp\/v2\/posts\/242","targetHints":{"allow":["GET"]}}],"collection":[{"href":"http:\/\/sanvicente.com.br\/blog\/wp-json\/wp\/v2\/posts"}],"about":[{"href":"http:\/\/sanvicente.com.br\/blog\/wp-json\/wp\/v2\/types\/post"}],"author":[{"embeddable":true,"href":"http:\/\/sanvicente.com.br\/blog\/wp-json\/wp\/v2\/users\/1"}],"replies":[{"embeddable":true,"href":"http:\/\/sanvicente.com.br\/blog\/wp-json\/wp\/v2\/comments?post=242"}],"version-history":[{"count":1,"href":"http:\/\/sanvicente.com.br\/blog\/wp-json\/wp\/v2\/posts\/242\/revisions"}],"predecessor-version":[{"id":244,"href":"http:\/\/sanvicente.com.br\/blog\/wp-json\/wp\/v2\/posts\/242\/revisions\/244"}],"wp:featuredmedia":[{"embeddable":true,"href":"http:\/\/sanvicente.com.br\/blog\/wp-json\/wp\/v2\/media\/243"}],"wp:attachment":[{"href":"http:\/\/sanvicente.com.br\/blog\/wp-json\/wp\/v2\/media?parent=242"}],"wp:term":[{"taxonomy":"category","embeddable":true,"href":"http:\/\/sanvicente.com.br\/blog\/wp-json\/wp\/v2\/categories?post=242"},{"taxonomy":"post_tag","embeddable":true,"href":"http:\/\/sanvicente.com.br\/blog\/wp-json\/wp\/v2\/tags?post=242"}],"curies":[{"name":"wp","href":"https:\/\/api.w.org\/{rel}","templated":true}]}}