{"id":245,"date":"2021-10-19T16:37:34","date_gmt":"2021-10-19T19:37:34","guid":{"rendered":"http:\/\/sanvicente.com.br\/blog\/?p=245"},"modified":"2021-10-19T16:37:34","modified_gmt":"2021-10-19T19:37:34","slug":"filhos-e-a-pandemia-mudam-a-vida-dos-pais-e-os-seus-imoveis-tambem","status":"publish","type":"post","link":"http:\/\/sanvicente.com.br\/blog\/filhos-e-a-pandemia-mudam-a-vida-dos-pais-e-os-seus-imoveis-tambem\/","title":{"rendered":"Filhos (e a pandemia) mudam a vida dos pais e os seus im\u00f3veis tamb\u00e9m:"},"content":{"rendered":"<div class=\"mc-column content-text active-extra-styles active-capital-letter\" data-block-type=\"unstyled\" data-block-weight=\"90\" data-block-id=\"1\">\n<p class=\"content-text__container theme-color-primary-first-letter\" data-track-category=\"Link no Texto\" data-track-links=\"\">Andr\u00e9 Gustavo Fusetto, sua esposa e os dois filhos viviam em um apartamento de dois quartos at\u00e9 pouco tempo. Com a pandemia e a necessidade de trabalhar de casa a ideia de mudar de casa, para um espa\u00e7o maior e em um condom\u00ednio com mais op\u00e7\u00f5es de lazer, finalmente saiu do papel. \u201cConseguimos vender nosso im\u00f3vel e encontrar um apartamento no mesmo bairro, com tr\u00eas quartos e at\u00e9 \u00e1rea espec\u00edfica para a esta\u00e7\u00e3o de trabalho remoto. Mais do que uma compra, trata-se de um projeto de vida\u201d, conta ele.<\/p>\n<\/div>\n<div class=\"wall protected-content\">\n<div class=\"mc-column content-text active-extra-styles \" data-block-type=\"unstyled\" data-block-weight=\"96\" data-block-id=\"2\">\n<p class=\"content-text__container \" data-track-category=\"Link no Texto\" data-track-links=\"\">A exemplo de Andr\u00e9, muitas\u00a0<strong>outras fam\u00edlias brasileiras est\u00e3o \u00e0 procura de um novo lar e os filhos s\u00e3o um grande motivo para isso<\/strong>. \u00c9 o que mostra uma pesquisa feita pela proptech de compra e venda de im\u00f3veis\u00a0<strong>EmCasa<\/strong>\u00a0com 1.611 pessoas de todas as regi\u00f5es do Brasil, entre 18 e 65 anos, e de diferentes faixas de renda, ouvidas no per\u00edodo de julho de 2021. Entre os destaques do estudo, desenvolvido em parceria com a\u00a0<strong>Brain Intelig\u00eancia Estrat\u00e9gica<\/strong>,\u00a0<strong>61% das fam\u00edlias possuem filhos e, dessas, 35% querem mudar de casa por conta deles<\/strong>.<\/p>\n<p><strong>O desejo de mudar de im\u00f3vel devido aos filhos tamb\u00e9m varia de acordo com a renda familiar<\/strong>.\u00a0<strong>Em casas com renda at\u00e9 R$ 4 mil, 35% contam que j\u00e1 pensaram em mudar por conta dos descendentes. Em lares em que a renda varia de R$ 4 mil a R$ 11 mil, o n\u00famero varia para 36%, enquanto<\/strong>\u00a0<strong>em fam\u00edlias com rendimentos acima de R$ 11 mil a porcentagem cai para 27%<\/strong>.<\/p>\n<p>A pesquisa trouxe ainda um panorama importante sobre a atual configura\u00e7\u00e3o das resid\u00eancias no Brasil. Identificou-se que\u00a0<strong>59% dos entrevistados possuem casa pr\u00f3pria e 31% moram de aluguel, sendo que 88% moram com pelo menos uma pessoa<\/strong>. Destes, 82% possuem v\u00ednculo familiar com as pessoas que moram em seu im\u00f3vel, 9% t\u00eam v\u00ednculo amoroso, 7% afirmam n\u00e3o ter nenhum v\u00ednculo e 2% possuem v\u00ednculo de amizade.<\/p>\n<p>Leia mais em Globo.com<\/p>\n<\/div>\n<\/div>\n","protected":false},"excerpt":{"rendered":"<p>Andr\u00e9 Gustavo Fusetto, sua esposa e os dois filhos viviam em um apartamento de dois quartos at\u00e9 pouco tempo. Com a pandemia e a necessidade de trabalhar de casa a ideia de mudar de casa, para um espa\u00e7o maior e em um condom\u00ednio com mais op\u00e7\u00f5es de lazer, finalmente saiu do papel. \u201cConseguimos vender nosso [&hellip;]<\/p>\n","protected":false},"author":1,"featured_media":246,"comment_status":"open","ping_status":"open","sticky":false,"template":"","format":"standard","meta":{"footnotes":""},"categories":[4,3],"tags":[],"class_list":{"0":"post-245","1":"post","2":"type-post","3":"status-publish","4":"format-standard","5":"has-post-thumbnail","7":"category-noticias_do_mercado","8":"category-tendencias"},"_links":{"self":[{"href":"http:\/\/sanvicente.com.br\/blog\/wp-json\/wp\/v2\/posts\/245","targetHints":{"allow":["GET"]}}],"collection":[{"href":"http:\/\/sanvicente.com.br\/blog\/wp-json\/wp\/v2\/posts"}],"about":[{"href":"http:\/\/sanvicente.com.br\/blog\/wp-json\/wp\/v2\/types\/post"}],"author":[{"embeddable":true,"href":"http:\/\/sanvicente.com.br\/blog\/wp-json\/wp\/v2\/users\/1"}],"replies":[{"embeddable":true,"href":"http:\/\/sanvicente.com.br\/blog\/wp-json\/wp\/v2\/comments?post=245"}],"version-history":[{"count":1,"href":"http:\/\/sanvicente.com.br\/blog\/wp-json\/wp\/v2\/posts\/245\/revisions"}],"predecessor-version":[{"id":247,"href":"http:\/\/sanvicente.com.br\/blog\/wp-json\/wp\/v2\/posts\/245\/revisions\/247"}],"wp:featuredmedia":[{"embeddable":true,"href":"http:\/\/sanvicente.com.br\/blog\/wp-json\/wp\/v2\/media\/246"}],"wp:attachment":[{"href":"http:\/\/sanvicente.com.br\/blog\/wp-json\/wp\/v2\/media?parent=245"}],"wp:term":[{"taxonomy":"category","embeddable":true,"href":"http:\/\/sanvicente.com.br\/blog\/wp-json\/wp\/v2\/categories?post=245"},{"taxonomy":"post_tag","embeddable":true,"href":"http:\/\/sanvicente.com.br\/blog\/wp-json\/wp\/v2\/tags?post=245"}],"curies":[{"name":"wp","href":"https:\/\/api.w.org\/{rel}","templated":true}]}}