{"id":252,"date":"2021-10-25T15:59:31","date_gmt":"2021-10-25T18:59:31","guid":{"rendered":"http:\/\/sanvicente.com.br\/blog\/?p=252"},"modified":"2021-10-25T15:59:31","modified_gmt":"2021-10-25T18:59:31","slug":"casacor-ja-conhece-o-evento","status":"publish","type":"post","link":"http:\/\/sanvicente.com.br\/blog\/casacor-ja-conhece-o-evento\/","title":{"rendered":"CASACOR: J\u00e1 conhece o evento?"},"content":{"rendered":"<div class=\"\" data-block=\"true\" data-editor=\"c9o5e\" data-offset-key=\"d2uov-0-0\">\n<div class=\"_1mf _1mj\" data-offset-key=\"d2uov-0-0\"><span data-offset-key=\"d2uov-0-0\">\u00c9 com um grupo ecl\u00e9tico reunindo nomes j\u00e1 consagrados e novos talentos do mercado da arquitetura e do design de interiores que a CASACOR Rio Grande do Sul chega a sua 29\u00aa edi\u00e7\u00e3o em 2021, que acontece de 24 de setembro a 07 de novembro, em Porto Alegre.<\/span><\/div>\n<\/div>\n<div class=\"\" data-block=\"true\" data-editor=\"c9o5e\" data-offset-key=\"c4abe-0-0\">\n<div class=\"_1mf _1mj\" data-offset-key=\"c4abe-0-0\"><span data-offset-key=\"c4abe-0-0\">\u00a0<\/span><\/div>\n<\/div>\n<div class=\"\" data-block=\"true\" data-editor=\"c9o5e\" data-offset-key=\"baadf-0-0\">\n<div class=\"_1mf _1mj\" data-offset-key=\"baadf-0-0\"><span data-offset-key=\"baadf-0-0\"> Pelo segundo ano, a constru\u00e7\u00e3o hist\u00f3rica do antigo Hospital da Crian\u00e7a Santo Ant\u00f4nio (Avenida Cear\u00e1, 1.549), no 4\u00ba Distrito, receber\u00e1 os ambientes criados por 50 profissionais que ir\u00e3o apresentar as principais tend\u00eancias do segmento em 35 ambientes internos e externos divididos em uma \u00e1rea total de 6.000 m\u00b2 do imponente pr\u00e9dio. <\/span><\/div>\n<\/div>\n<div class=\"\" data-block=\"true\" data-editor=\"c9o5e\" data-offset-key=\"3f5re-0-0\">\n<div class=\"_1mf _1mj\" data-offset-key=\"3f5re-0-0\"><span data-offset-key=\"3f5re-0-0\">\u00a0<\/span><\/div>\n<\/div>\n<div class=\"\" data-block=\"true\" data-editor=\"c9o5e\" data-offset-key=\"7fsm9-0-0\">\n<div class=\"_1mf _1mj\" data-offset-key=\"7fsm9-0-0\"><span data-offset-key=\"7fsm9-0-0\">A visita\u00e7\u00e3o vai funcionar com agendamento de hor\u00e1rio, entrada do p\u00fablico de meia e meia hora e de acordo com as normas vigentes no Estado. Al\u00e9m de ambientes amplos com p\u00e9 direito duplo e integrados como lofts e apartamentos inteiros, a mostra ter\u00e1 restaurante, caf\u00e9, vinoteca e duas lojas com artigos para casa. <\/span><\/div>\n<\/div>\n<div class=\"\" data-block=\"true\" data-editor=\"c9o5e\" data-offset-key=\"4caoi-0-0\">\n<div class=\"_1mf _1mj\" data-offset-key=\"4caoi-0-0\"><span data-offset-key=\"4caoi-0-0\">\u00a0<\/span><\/div>\n<\/div>\n<div class=\"\" data-block=\"true\" data-editor=\"c9o5e\" data-offset-key=\"ev0br-0-0\">\n<div class=\"_1mf _1mj\" data-offset-key=\"ev0br-0-0\"><span data-offset-key=\"ev0br-0-0\">Uma delas, a Loja Casa Original, ter\u00e1 produtos de artesanato e design assinados por artes\u00e3os do Rio Grande do Sul, Santa Catarina e Minas Gerais, j\u00e1 a outra proposta \u00e9 a Galeria da Luka.Art, com quadros fotogr\u00e1ficos em fineart de artistas nacionais e internacionais. <\/span><\/div>\n<\/div>\n<div class=\"\" data-block=\"true\" data-editor=\"c9o5e\" data-offset-key=\"ce92p-0-0\">\n<div class=\"_1mf _1mj\" data-offset-key=\"ce92p-0-0\"><span data-offset-key=\"ce92p-0-0\">\u00a0<\/span><\/div>\n<\/div>\n<div class=\"\" data-block=\"true\" data-editor=\"c9o5e\" data-offset-key=\"18hoe-0-0\">\n<div class=\"_1mf _1mj\" data-offset-key=\"18hoe-0-0\"><span data-offset-key=\"18hoe-0-0\">Leia mais em: https:\/\/casacor.abril.com.br\/mostras\/rio-grande-do-sul\/<\/span><\/div>\n<\/div>\n","protected":false},"excerpt":{"rendered":"<p>\u00c9 com um grupo ecl\u00e9tico reunindo nomes j\u00e1 consagrados e novos talentos do mercado da arquitetura e do design de interiores que a CASACOR Rio Grande do Sul chega a sua 29\u00aa edi\u00e7\u00e3o em 2021, que acontece de 24 de setembro a 07 de novembro, em Porto Alegre. \u00a0 Pelo segundo ano, a constru\u00e7\u00e3o hist\u00f3rica [&hellip;]<\/p>\n","protected":false},"author":1,"featured_media":253,"comment_status":"open","ping_status":"open","sticky":false,"template":"","format":"standard","meta":{"footnotes":""},"categories":[5],"tags":[],"class_list":{"0":"post-252","1":"post","2":"type-post","3":"status-publish","4":"format-standard","5":"has-post-thumbnail","7":"category-design"},"_links":{"self":[{"href":"http:\/\/sanvicente.com.br\/blog\/wp-json\/wp\/v2\/posts\/252","targetHints":{"allow":["GET"]}}],"collection":[{"href":"http:\/\/sanvicente.com.br\/blog\/wp-json\/wp\/v2\/posts"}],"about":[{"href":"http:\/\/sanvicente.com.br\/blog\/wp-json\/wp\/v2\/types\/post"}],"author":[{"embeddable":true,"href":"http:\/\/sanvicente.com.br\/blog\/wp-json\/wp\/v2\/users\/1"}],"replies":[{"embeddable":true,"href":"http:\/\/sanvicente.com.br\/blog\/wp-json\/wp\/v2\/comments?post=252"}],"version-history":[{"count":1,"href":"http:\/\/sanvicente.com.br\/blog\/wp-json\/wp\/v2\/posts\/252\/revisions"}],"predecessor-version":[{"id":254,"href":"http:\/\/sanvicente.com.br\/blog\/wp-json\/wp\/v2\/posts\/252\/revisions\/254"}],"wp:featuredmedia":[{"embeddable":true,"href":"http:\/\/sanvicente.com.br\/blog\/wp-json\/wp\/v2\/media\/253"}],"wp:attachment":[{"href":"http:\/\/sanvicente.com.br\/blog\/wp-json\/wp\/v2\/media?parent=252"}],"wp:term":[{"taxonomy":"category","embeddable":true,"href":"http:\/\/sanvicente.com.br\/blog\/wp-json\/wp\/v2\/categories?post=252"},{"taxonomy":"post_tag","embeddable":true,"href":"http:\/\/sanvicente.com.br\/blog\/wp-json\/wp\/v2\/tags?post=252"}],"curies":[{"name":"wp","href":"https:\/\/api.w.org\/{rel}","templated":true}]}}