{"id":255,"date":"2021-11-01T13:59:01","date_gmt":"2021-11-01T16:59:01","guid":{"rendered":"http:\/\/sanvicente.com.br\/blog\/?p=255"},"modified":"2021-11-01T13:59:01","modified_gmt":"2021-11-01T16:59:01","slug":"tokstok-abre-as-portas-de-trailer-decorado-para-visitacao","status":"publish","type":"post","link":"http:\/\/sanvicente.com.br\/blog\/tokstok-abre-as-portas-de-trailer-decorado-para-visitacao\/","title":{"rendered":"Tok&#038;Stok abre as portas de trailer decorado para visita\u00e7\u00e3o:"},"content":{"rendered":"<div data-contents=\"true\">\n<div class=\"\" data-block=\"true\" data-editor=\"5q3u0\" data-offset-key=\"45ne4-0-0\">\n<div class=\"_1mf _1mj\" data-offset-key=\"45ne4-0-0\"><span data-offset-key=\"45ne4-0-0\">A decora\u00e7\u00e3o pode mudar completamente um ambiente, deixando qualquer espa\u00e7o \u2013 n\u00e3o importa o tamanho \u2013 funcional e aconchegante. E a Tok&amp;Stok, que \u00e9 especialista neste tema, lan\u00e7ou a campanha Mais Design por M\u00b2, feita em parceria com o arquiteto Maur\u00edcio Arruda.<\/span><\/div>\n<\/div>\n<div class=\"\" data-block=\"true\" data-editor=\"5q3u0\" data-offset-key=\"ajn61-0-0\">\n<div class=\"_1mf _1mj\" data-offset-key=\"ajn61-0-0\"><span data-offset-key=\"ajn61-0-0\">\u00a0<\/span><\/div>\n<\/div>\n<div class=\"\" data-block=\"true\" data-editor=\"5q3u0\" data-offset-key=\"1hap3-0-0\">\n<div class=\"_1mf _1mj\" data-offset-key=\"1hap3-0-0\"><span data-offset-key=\"1hap3-0-0\">A a\u00e7\u00e3o aconteceu no Parque Burle Marx, na zona sul de S\u00e3o Paulo, e agora chega \u00e0 Lagoa Rodrigo de Freitas, no Rio de Janeiro. Os locais ao ar livre foram os pontos escolhidos para receberem o trailer decorado totalmente instagram\u00e1vel, com projeto assinado pelo Maur\u00edcio Arruda e pela Tok&amp;Stok.<\/span><\/div>\n<\/div>\n<div class=\"\" data-block=\"true\" data-editor=\"5q3u0\" data-offset-key=\"aqftu-0-0\">\n<div class=\"_1mf _1mj\" data-offset-key=\"aqftu-0-0\"><span data-offset-key=\"aqftu-0-0\">\u00a0<\/span><\/div>\n<\/div>\n<div class=\"\" data-block=\"true\" data-editor=\"5q3u0\" data-offset-key=\"5riun-0-0\">\n<div class=\"_1mf _1mj\" data-offset-key=\"5riun-0-0\"><span data-offset-key=\"5riun-0-0\">A campanha chega cheia de inspira\u00e7\u00e3o para decorar espa\u00e7os pequenos com versatilidade e praticidade. Para deixar a visita mais gostosa, a a\u00e7\u00e3o oferece ainda atividades ao ar livre, como show musical e oficinas de entretenimento para crian\u00e7as.<\/span><\/div>\n<\/div>\n<div class=\"\" data-block=\"true\" data-editor=\"5q3u0\" data-offset-key=\"7h49f-0-0\">\n<div class=\"_1mf _1mj\" data-offset-key=\"7h49f-0-0\"><span data-offset-key=\"7h49f-0-0\">\u00a0<\/span><\/div>\n<\/div>\n<div class=\"\" data-block=\"true\" data-editor=\"5q3u0\" data-offset-key=\"6k6jk-0-0\">\n<div class=\"_1mf _1mj\" data-offset-key=\"6k6jk-0-0\"><span data-offset-key=\"6k6jk-0-0\">Ler mais em Hypeness.com.br<\/span><\/div>\n<\/div>\n<\/div>\n","protected":false},"excerpt":{"rendered":"<p>A decora\u00e7\u00e3o pode mudar completamente um ambiente, deixando qualquer espa\u00e7o \u2013 n\u00e3o importa o tamanho \u2013 funcional e aconchegante. E a Tok&amp;Stok, que \u00e9 especialista neste tema, lan\u00e7ou a campanha Mais Design por M\u00b2, feita em parceria com o arquiteto Maur\u00edcio Arruda. \u00a0 A a\u00e7\u00e3o aconteceu no Parque Burle Marx, na zona sul de S\u00e3o [&hellip;]<\/p>\n","protected":false},"author":1,"featured_media":256,"comment_status":"open","ping_status":"open","sticky":false,"template":"","format":"standard","meta":{"footnotes":""},"categories":[5],"tags":[],"class_list":{"0":"post-255","1":"post","2":"type-post","3":"status-publish","4":"format-standard","5":"has-post-thumbnail","7":"category-design"},"_links":{"self":[{"href":"http:\/\/sanvicente.com.br\/blog\/wp-json\/wp\/v2\/posts\/255","targetHints":{"allow":["GET"]}}],"collection":[{"href":"http:\/\/sanvicente.com.br\/blog\/wp-json\/wp\/v2\/posts"}],"about":[{"href":"http:\/\/sanvicente.com.br\/blog\/wp-json\/wp\/v2\/types\/post"}],"author":[{"embeddable":true,"href":"http:\/\/sanvicente.com.br\/blog\/wp-json\/wp\/v2\/users\/1"}],"replies":[{"embeddable":true,"href":"http:\/\/sanvicente.com.br\/blog\/wp-json\/wp\/v2\/comments?post=255"}],"version-history":[{"count":2,"href":"http:\/\/sanvicente.com.br\/blog\/wp-json\/wp\/v2\/posts\/255\/revisions"}],"predecessor-version":[{"id":258,"href":"http:\/\/sanvicente.com.br\/blog\/wp-json\/wp\/v2\/posts\/255\/revisions\/258"}],"wp:featuredmedia":[{"embeddable":true,"href":"http:\/\/sanvicente.com.br\/blog\/wp-json\/wp\/v2\/media\/256"}],"wp:attachment":[{"href":"http:\/\/sanvicente.com.br\/blog\/wp-json\/wp\/v2\/media?parent=255"}],"wp:term":[{"taxonomy":"category","embeddable":true,"href":"http:\/\/sanvicente.com.br\/blog\/wp-json\/wp\/v2\/categories?post=255"},{"taxonomy":"post_tag","embeddable":true,"href":"http:\/\/sanvicente.com.br\/blog\/wp-json\/wp\/v2\/tags?post=255"}],"curies":[{"name":"wp","href":"https:\/\/api.w.org\/{rel}","templated":true}]}}