{"id":264,"date":"2021-11-04T14:46:48","date_gmt":"2021-11-04T17:46:48","guid":{"rendered":"https:\/\/sanvicente.com.br\/blog\/?p=264"},"modified":"2021-11-04T14:46:48","modified_gmt":"2021-11-04T17:46:48","slug":"equidade-segue-em-construcao-no-mercado-imobiliario-diz-pesquisa","status":"publish","type":"post","link":"http:\/\/sanvicente.com.br\/blog\/equidade-segue-em-construcao-no-mercado-imobiliario-diz-pesquisa\/","title":{"rendered":"Equidade segue em constru\u00e7\u00e3o no mercado imobili\u00e1rio, diz pesquisa!"},"content":{"rendered":"<p dir=\"auto\">A pesquisa Mulheres no Mercado Imobili\u00e1rio, realizada pela Datastore em parceria com a especialista em marketing imobili\u00e1rio Raquel Trevisan e o movimento Mulheres do Imobili\u00e1rio, ouviu mais de 800 profissionais brasileiras sobre a representatividade feminina no setor.<\/p>\n<p dir=\"auto\">O levantamento apontou que 93% das entrevistadas reconhecem que v\u00eam conquistando espa\u00e7os significativos e 39% t\u00eam a percep\u00e7\u00e3o de conseguirem as mesmas oportunidades que os homens, mas s\u00f3 28% citaram cargos de lideran\u00e7a ocupados por mulheres.<\/p>\n<p dir=\"auto\">Mas \u00e9 quando o estudo investiga a rotina de abusos que o n\u00famero assusta: 61% afirmaram ter sofrido ass\u00e9dio sexual, moral ou verbal, sendo que 21% n\u00e3o denunciaram por medo de perder o emprego e por n\u00e3o acreditarem em puni\u00e7\u00f5es.<\/p>\n<p dir=\"auto\">Al\u00e9m disso, 44% tiveram dificuldade para retornar ao trabalho ap\u00f3s a maternidade e 61% acreditam que ser m\u00e3e no setor ainda \u00e9 um tabu.<\/p>\n<p dir=\"auto\">\u201cO mercado imobili\u00e1rio \u00e9 machista, masculino e masculinizado\u201d, observa Elisa Tawil, idealizadora do Mulheres do Imobili\u00e1rio, executiva da eXp Brasil e autora do livro Propriet\u00e1rias \u2013 A ascens\u00e3o da lideran\u00e7a feminina no setor imobili\u00e1rio (Maquinaria Editorial).<\/p>\n<p dir=\"auto\">Especial para o jornal O Estado de S. Paulo por Bianca Zanatta.<\/p>\n","protected":false},"excerpt":{"rendered":"<p>A pesquisa Mulheres no Mercado Imobili\u00e1rio, realizada pela Datastore em parceria com a especialista em marketing imobili\u00e1rio Raquel Trevisan e o movimento Mulheres do Imobili\u00e1rio, ouviu mais de 800 profissionais brasileiras sobre a representatividade feminina no setor. O levantamento apontou que 93% das entrevistadas reconhecem que v\u00eam conquistando espa\u00e7os significativos e 39% t\u00eam a percep\u00e7\u00e3o [&hellip;]<\/p>\n","protected":false},"author":1,"featured_media":265,"comment_status":"open","ping_status":"open","sticky":false,"template":"","format":"standard","meta":{"footnotes":""},"categories":[4,3],"tags":[],"class_list":{"0":"post-264","1":"post","2":"type-post","3":"status-publish","4":"format-standard","5":"has-post-thumbnail","7":"category-noticias_do_mercado","8":"category-tendencias"},"_links":{"self":[{"href":"http:\/\/sanvicente.com.br\/blog\/wp-json\/wp\/v2\/posts\/264","targetHints":{"allow":["GET"]}}],"collection":[{"href":"http:\/\/sanvicente.com.br\/blog\/wp-json\/wp\/v2\/posts"}],"about":[{"href":"http:\/\/sanvicente.com.br\/blog\/wp-json\/wp\/v2\/types\/post"}],"author":[{"embeddable":true,"href":"http:\/\/sanvicente.com.br\/blog\/wp-json\/wp\/v2\/users\/1"}],"replies":[{"embeddable":true,"href":"http:\/\/sanvicente.com.br\/blog\/wp-json\/wp\/v2\/comments?post=264"}],"version-history":[{"count":1,"href":"http:\/\/sanvicente.com.br\/blog\/wp-json\/wp\/v2\/posts\/264\/revisions"}],"predecessor-version":[{"id":266,"href":"http:\/\/sanvicente.com.br\/blog\/wp-json\/wp\/v2\/posts\/264\/revisions\/266"}],"wp:featuredmedia":[{"embeddable":true,"href":"http:\/\/sanvicente.com.br\/blog\/wp-json\/wp\/v2\/media\/265"}],"wp:attachment":[{"href":"http:\/\/sanvicente.com.br\/blog\/wp-json\/wp\/v2\/media?parent=264"}],"wp:term":[{"taxonomy":"category","embeddable":true,"href":"http:\/\/sanvicente.com.br\/blog\/wp-json\/wp\/v2\/categories?post=264"},{"taxonomy":"post_tag","embeddable":true,"href":"http:\/\/sanvicente.com.br\/blog\/wp-json\/wp\/v2\/tags?post=264"}],"curies":[{"name":"wp","href":"https:\/\/api.w.org\/{rel}","templated":true}]}}