{"id":267,"date":"2021-11-08T16:51:24","date_gmt":"2021-11-08T19:51:24","guid":{"rendered":"https:\/\/sanvicente.com.br\/blog\/?p=267"},"modified":"2021-11-08T16:51:24","modified_gmt":"2021-11-08T19:51:24","slug":"um-novo-empreendimento-ambiciona-ser-o-predio-mais-alto-de-nova-york","status":"publish","type":"post","link":"http:\/\/sanvicente.com.br\/blog\/um-novo-empreendimento-ambiciona-ser-o-predio-mais-alto-de-nova-york\/","title":{"rendered":"Um novo empreendimento ambiciona ser o pr\u00e9dio mais alto de Nova York"},"content":{"rendered":"<p>Concebido pelo arquiteto brit\u00e2nico David Adjaye (<span class=\"atMention\" title=\"adjayeassociates\">@adjayeassociates<\/span>), o projeto chama aten\u00e7\u00e3o por seu formato at\u00edpico: a s\u00e9rie de volumes empilhados em balan\u00e7o \u00e9 um grande desafio \u00e0s tecnologias construtivas.<\/p>\n<p>Uma vez que os andares superiores ocupam uma \u00e1rea maior do que os inferiores, a torre acaba por ter uma apar\u00eancia \u2018invertida\u2019. Com mais de 300 metros de altura, o complexo da Affirmation Tower incluir\u00e1 dois hot\u00e9is, um mirante, rinque de patina\u00e7\u00e3o e escrit\u00f3rios comerciais.<\/p>\n<p>Via\u00a0<span class=\"atMention\" title=\"coelhodafonseca\">@coelhodafonseca<\/span><\/p>\n","protected":false},"excerpt":{"rendered":"<p>Concebido pelo arquiteto brit\u00e2nico David Adjaye (@adjayeassociates), o projeto chama aten\u00e7\u00e3o por seu formato at\u00edpico: a s\u00e9rie de volumes empilhados em balan\u00e7o \u00e9 um grande desafio \u00e0s tecnologias construtivas. Uma vez que os andares superiores ocupam uma \u00e1rea maior do que os inferiores, a torre acaba por ter uma apar\u00eancia \u2018invertida\u2019. Com mais de 300 [&hellip;]<\/p>\n","protected":false},"author":1,"featured_media":268,"comment_status":"open","ping_status":"open","sticky":false,"template":"","format":"standard","meta":{"footnotes":""},"categories":[5,4,3],"tags":[],"class_list":{"0":"post-267","1":"post","2":"type-post","3":"status-publish","4":"format-standard","5":"has-post-thumbnail","7":"category-design","8":"category-noticias_do_mercado","9":"category-tendencias"},"_links":{"self":[{"href":"http:\/\/sanvicente.com.br\/blog\/wp-json\/wp\/v2\/posts\/267","targetHints":{"allow":["GET"]}}],"collection":[{"href":"http:\/\/sanvicente.com.br\/blog\/wp-json\/wp\/v2\/posts"}],"about":[{"href":"http:\/\/sanvicente.com.br\/blog\/wp-json\/wp\/v2\/types\/post"}],"author":[{"embeddable":true,"href":"http:\/\/sanvicente.com.br\/blog\/wp-json\/wp\/v2\/users\/1"}],"replies":[{"embeddable":true,"href":"http:\/\/sanvicente.com.br\/blog\/wp-json\/wp\/v2\/comments?post=267"}],"version-history":[{"count":1,"href":"http:\/\/sanvicente.com.br\/blog\/wp-json\/wp\/v2\/posts\/267\/revisions"}],"predecessor-version":[{"id":269,"href":"http:\/\/sanvicente.com.br\/blog\/wp-json\/wp\/v2\/posts\/267\/revisions\/269"}],"wp:featuredmedia":[{"embeddable":true,"href":"http:\/\/sanvicente.com.br\/blog\/wp-json\/wp\/v2\/media\/268"}],"wp:attachment":[{"href":"http:\/\/sanvicente.com.br\/blog\/wp-json\/wp\/v2\/media?parent=267"}],"wp:term":[{"taxonomy":"category","embeddable":true,"href":"http:\/\/sanvicente.com.br\/blog\/wp-json\/wp\/v2\/categories?post=267"},{"taxonomy":"post_tag","embeddable":true,"href":"http:\/\/sanvicente.com.br\/blog\/wp-json\/wp\/v2\/tags?post=267"}],"curies":[{"name":"wp","href":"https:\/\/api.w.org\/{rel}","templated":true}]}}