{"id":282,"date":"2021-11-23T17:11:45","date_gmt":"2021-11-23T20:11:45","guid":{"rendered":"https:\/\/sanvicente.com.br\/blog\/?p=282"},"modified":"2021-11-23T17:11:45","modified_gmt":"2021-11-23T20:11:45","slug":"de-carros-voadores-a-cidades-flutuantes-veja-projetos-de-feira-futurista","status":"publish","type":"post","link":"http:\/\/sanvicente.com.br\/blog\/de-carros-voadores-a-cidades-flutuantes-veja-projetos-de-feira-futurista\/","title":{"rendered":"De carros voadores a cidades flutuantes, veja projetos de feira futurista:"},"content":{"rendered":"<div class=\"\" data-block=\"true\" data-editor=\"8f55s\" data-offset-key=\"e17m9-0-0\">\n<div class=\"_1mf _1mj\" data-offset-key=\"e17m9-0-0\"><span data-offset-key=\"e17m9-0-0\">As especula\u00e7\u00f5es sobre o futuro s\u00e3o muitas vezes sombrias, mas, em seu 175\u00ba anivers\u00e1rio, o Instituto Smithsonian em Washington DC est\u00e1 apresentando uma grande vis\u00e3o de como o mundo poderia mudar radicalmente atrav\u00e9s de uma exposi\u00e7\u00e3o \u201cblockbuster\u201d de tecnologia, design e arte.<\/span><\/div>\n<\/div>\n<div class=\"\" data-block=\"true\" data-editor=\"8f55s\" data-offset-key=\"75ca3-0-0\">\n<div class=\"_1mf _1mj\" data-offset-key=\"75ca3-0-0\"><span data-offset-key=\"75ca3-0-0\">\u00a0<\/span><\/div>\n<\/div>\n<div class=\"\" data-block=\"true\" data-editor=\"8f55s\" data-offset-key=\"3j5pc-0-0\">\n<div class=\"_1mf _1mj\" data-offset-key=\"3j5pc-0-0\"><span data-offset-key=\"3j5pc-0-0\">A exposi\u00e7\u00e3o \u201cFuturos\u201d, sediada no Edif\u00edcio Arte + (AIB), ir\u00e1 preencher 32.000 metros quadrados do espa\u00e7o com uma combina\u00e7\u00e3o de projetos reais sendo atualmente desenvolvidos, propostas de design do presente e do passado, e conceitos art\u00edsticos prescientes.<\/span><\/div>\n<\/div>\n<div class=\"\" data-block=\"true\" data-editor=\"8f55s\" data-offset-key=\"2d84n-0-0\">\n<div class=\"_1mf _1mj\" data-offset-key=\"2d84n-0-0\"><span data-offset-key=\"2d84n-0-0\">\u00a0<\/span><\/div>\n<\/div>\n<div class=\"\" data-block=\"true\" data-editor=\"8f55s\" data-offset-key=\"bchfd-0-0\">\n<div class=\"_1mf _1mj\" data-offset-key=\"bchfd-0-0\"><span data-offset-key=\"bchfd-0-0\">Rachel Goslin, diretora da Smithsonian AIB, chama a mostra de \u201cFeira Mundial Contempor\u00e2nea de Ideias\u201d.<\/span><\/div>\n<\/div>\n<div class=\"\" data-block=\"true\" data-editor=\"8f55s\" data-offset-key=\"28ccv-0-0\">\n<div class=\"_1mf _1mj\" data-offset-key=\"28ccv-0-0\"><span data-offset-key=\"28ccv-0-0\">\u00a0<\/span><\/div>\n<\/div>\n<div class=\"\" data-block=\"true\" data-editor=\"8f55s\" data-offset-key=\"4g5jl-0-0\">\n<div class=\"_1mf _1mj\" data-offset-key=\"4g5jl-0-0\"><span data-offset-key=\"4g5jl-0-0\">\u201cAcho que \u00e9 seguro dizer que \u00e9 a \u00fanica exposi\u00e7\u00e3o da hist\u00f3ria onde voc\u00ea pode jogar um videogame com os olhos, conversar com um rob\u00f4 emotivo, visitar uma doceria do futuro e lavar sua roupa\u201d, disse Goslin.<\/span><\/div>\n<\/div>\n<div class=\"\" data-block=\"true\" data-editor=\"8f55s\" data-offset-key=\"6uu8v-0-0\">\n<div class=\"_1mf _1mj\" data-offset-key=\"6uu8v-0-0\"><span data-offset-key=\"6uu8v-0-0\">\u00a0<\/span><\/div>\n<\/div>\n<div class=\"\" data-block=\"true\" data-editor=\"8f55s\" data-offset-key=\"b6jbn-0-0\">\n<div class=\"_1mf _1mj\" data-offset-key=\"b6jbn-0-0\"><span data-offset-key=\"b6jbn-0-0\">O Smithsonian \u00e9 a maior rede de museus, centros de educa\u00e7\u00e3o e pesquisa do mundo, e a curadora da exposi\u00e7\u00e3o, Ashley Molese, aponta que a AIB estreou pela primeira vez muitos objetos hist\u00f3ricos em exposi\u00e7\u00e3o p\u00fablica, incluindo a l\u00e2mpada, o telefone e os foguetes da nave espacial Apollo.<\/span><\/div>\n<\/div>\n<div class=\"\" data-block=\"true\" data-editor=\"8f55s\" data-offset-key=\"262s1-0-0\">\n<div class=\"_1mf _1mj\" data-offset-key=\"262s1-0-0\"><span data-offset-key=\"262s1-0-0\">\u00a0<\/span><\/div>\n<\/div>\n<div class=\"\" data-block=\"true\" data-editor=\"8f55s\" data-offset-key=\"ggth-0-0\">\n<div class=\"_1mf _1mj\" data-offset-key=\"ggth-0-0\"><span data-offset-key=\"ggth-0-0\">Agora, eles esperam continuar seu legado de inova\u00e7\u00e3o, explica ela.<\/span><\/div>\n<\/div>\n<div class=\"\" data-block=\"true\" data-editor=\"8f55s\" data-offset-key=\"ds9u1-0-0\">\n<div class=\"_1mf _1mj\" data-offset-key=\"ds9u1-0-0\"><span data-offset-key=\"ds9u1-0-0\">\u00a0<\/span><\/div>\n<\/div>\n<div class=\"\" data-block=\"true\" data-editor=\"8f55s\" data-offset-key=\"5tkbv-0-0\">\n<div class=\"_1mf _1mj\" data-offset-key=\"5tkbv-0-0\"><span data-offset-key=\"5tkbv-0-0\">\u201cTemos tanta ajuda hoje em dia imaginando o que poderia dar errado no futuro\u201d, disse ela. \u201cMas tamb\u00e9m precisamos de ajuda para imaginar o que poderia dar certo\u201d.<\/span><\/div>\n<\/div>\n<div class=\"\" data-block=\"true\" data-editor=\"8f55s\" data-offset-key=\"4osjn-0-0\">\n<div class=\"_1mf _1mj\" data-offset-key=\"4osjn-0-0\"><span data-offset-key=\"4osjn-0-0\">\u00a0<\/span><\/div>\n<\/div>\n<div class=\"\" data-block=\"true\" data-editor=\"8f55s\" data-offset-key=\"7juc-0-0\">\n<div class=\"_1mf _1mj\" data-offset-key=\"7juc-0-0\"><span data-offset-key=\"7juc-0-0\">Fonte: Cnn Brasil<\/span><\/div>\n<\/div>\n","protected":false},"excerpt":{"rendered":"<p>As especula\u00e7\u00f5es sobre o futuro s\u00e3o muitas vezes sombrias, mas, em seu 175\u00ba anivers\u00e1rio, o Instituto Smithsonian em Washington DC est\u00e1 apresentando uma grande vis\u00e3o de como o mundo poderia mudar radicalmente atrav\u00e9s de uma exposi\u00e7\u00e3o \u201cblockbuster\u201d de tecnologia, design e arte. \u00a0 A exposi\u00e7\u00e3o \u201cFuturos\u201d, sediada no Edif\u00edcio Arte + (AIB), ir\u00e1 preencher 32.000 [&hellip;]<\/p>\n","protected":false},"author":1,"featured_media":283,"comment_status":"open","ping_status":"open","sticky":false,"template":"","format":"standard","meta":{"footnotes":""},"categories":[4,3],"tags":[],"class_list":{"0":"post-282","1":"post","2":"type-post","3":"status-publish","4":"format-standard","5":"has-post-thumbnail","7":"category-noticias_do_mercado","8":"category-tendencias"},"_links":{"self":[{"href":"http:\/\/sanvicente.com.br\/blog\/wp-json\/wp\/v2\/posts\/282","targetHints":{"allow":["GET"]}}],"collection":[{"href":"http:\/\/sanvicente.com.br\/blog\/wp-json\/wp\/v2\/posts"}],"about":[{"href":"http:\/\/sanvicente.com.br\/blog\/wp-json\/wp\/v2\/types\/post"}],"author":[{"embeddable":true,"href":"http:\/\/sanvicente.com.br\/blog\/wp-json\/wp\/v2\/users\/1"}],"replies":[{"embeddable":true,"href":"http:\/\/sanvicente.com.br\/blog\/wp-json\/wp\/v2\/comments?post=282"}],"version-history":[{"count":1,"href":"http:\/\/sanvicente.com.br\/blog\/wp-json\/wp\/v2\/posts\/282\/revisions"}],"predecessor-version":[{"id":284,"href":"http:\/\/sanvicente.com.br\/blog\/wp-json\/wp\/v2\/posts\/282\/revisions\/284"}],"wp:featuredmedia":[{"embeddable":true,"href":"http:\/\/sanvicente.com.br\/blog\/wp-json\/wp\/v2\/media\/283"}],"wp:attachment":[{"href":"http:\/\/sanvicente.com.br\/blog\/wp-json\/wp\/v2\/media?parent=282"}],"wp:term":[{"taxonomy":"category","embeddable":true,"href":"http:\/\/sanvicente.com.br\/blog\/wp-json\/wp\/v2\/categories?post=282"},{"taxonomy":"post_tag","embeddable":true,"href":"http:\/\/sanvicente.com.br\/blog\/wp-json\/wp\/v2\/tags?post=282"}],"curies":[{"name":"wp","href":"https:\/\/api.w.org\/{rel}","templated":true}]}}