{"id":456,"date":"2022-05-18T16:10:37","date_gmt":"2022-05-18T19:10:37","guid":{"rendered":"https:\/\/sanvicente.com.br\/blog\/?p=456"},"modified":"2022-05-18T16:10:37","modified_gmt":"2022-05-18T19:10:37","slug":"prepare-se-para-o-inverno-que-tal-investir-em-uma-manta-quentinha-para-o-sofa","status":"publish","type":"post","link":"http:\/\/sanvicente.com.br\/blog\/prepare-se-para-o-inverno-que-tal-investir-em-uma-manta-quentinha-para-o-sofa\/","title":{"rendered":"Prepare-se para o inverno: que tal investir em uma manta quentinha para o sof\u00e1?"},"content":{"rendered":"<p>Assistir um bom filme ou seriado \u00e9 uma boa pedida quando o dia amanhece chuvoso ou nublado. Ent\u00e3o, para esse momento ficar ainda mais gostoso, invista em mantas para deix\u00e1-las no sof\u00e1. E, se voc\u00ea for receber convidados em casa, eles tamb\u00e9m poder\u00e3o us\u00e1-las. Uma boa ideia aqui \u00e9 valorizar o trabalho artesanal e usar pe\u00e7as feitas de tric\u00f4, por exemplo, ou produzidas em teares manuais.<\/p>\n<p>E use a criatividade para compor uma paleta que combine com a decora\u00e7\u00e3o de sua sala. Na imagem acima, cru e tons terrosos deram vida ao sof\u00e1 de cor escura, por exemplo. Mas, se o seu sof\u00e1 for claro e voc\u00ea n\u00e3o quiser muitos contrastes, que tal criar uma composi\u00e7\u00e3o de tons pastel?<\/p>\n<p>Leia mais em Casa Vogue<\/p>\n","protected":false},"excerpt":{"rendered":"<p>Assistir um bom filme ou seriado \u00e9 uma boa pedida quando o dia amanhece chuvoso ou nublado. Ent\u00e3o, para esse momento ficar ainda mais gostoso, invista em mantas para deix\u00e1-las no sof\u00e1. E, se voc\u00ea for receber convidados em casa, eles tamb\u00e9m poder\u00e3o us\u00e1-las. Uma boa ideia aqui \u00e9 valorizar o trabalho artesanal e usar [&hellip;]<\/p>\n","protected":false},"author":1,"featured_media":457,"comment_status":"open","ping_status":"open","sticky":false,"template":"","format":"standard","meta":{"footnotes":""},"categories":[5,29],"tags":[],"class_list":{"0":"post-456","1":"post","2":"type-post","3":"status-publish","4":"format-standard","5":"has-post-thumbnail","7":"category-design","8":"category-estilo-de-vida"},"_links":{"self":[{"href":"http:\/\/sanvicente.com.br\/blog\/wp-json\/wp\/v2\/posts\/456","targetHints":{"allow":["GET"]}}],"collection":[{"href":"http:\/\/sanvicente.com.br\/blog\/wp-json\/wp\/v2\/posts"}],"about":[{"href":"http:\/\/sanvicente.com.br\/blog\/wp-json\/wp\/v2\/types\/post"}],"author":[{"embeddable":true,"href":"http:\/\/sanvicente.com.br\/blog\/wp-json\/wp\/v2\/users\/1"}],"replies":[{"embeddable":true,"href":"http:\/\/sanvicente.com.br\/blog\/wp-json\/wp\/v2\/comments?post=456"}],"version-history":[{"count":1,"href":"http:\/\/sanvicente.com.br\/blog\/wp-json\/wp\/v2\/posts\/456\/revisions"}],"predecessor-version":[{"id":458,"href":"http:\/\/sanvicente.com.br\/blog\/wp-json\/wp\/v2\/posts\/456\/revisions\/458"}],"wp:featuredmedia":[{"embeddable":true,"href":"http:\/\/sanvicente.com.br\/blog\/wp-json\/wp\/v2\/media\/457"}],"wp:attachment":[{"href":"http:\/\/sanvicente.com.br\/blog\/wp-json\/wp\/v2\/media?parent=456"}],"wp:term":[{"taxonomy":"category","embeddable":true,"href":"http:\/\/sanvicente.com.br\/blog\/wp-json\/wp\/v2\/categories?post=456"},{"taxonomy":"post_tag","embeddable":true,"href":"http:\/\/sanvicente.com.br\/blog\/wp-json\/wp\/v2\/tags?post=456"}],"curies":[{"name":"wp","href":"https:\/\/api.w.org\/{rel}","templated":true}]}}