{"id":461,"date":"2022-05-27T15:23:01","date_gmt":"2022-05-27T18:23:01","guid":{"rendered":"http:\/\/sanvicente.com.br\/blog\/?p=461"},"modified":"2022-05-27T15:27:27","modified_gmt":"2022-05-27T18:27:27","slug":"nada-melhor-que-o-aconchego-da-sua-casa-3-tipos-de-sofas-e-modelos-para-voce-ter","status":"publish","type":"post","link":"http:\/\/sanvicente.com.br\/blog\/nada-melhor-que-o-aconchego-da-sua-casa-3-tipos-de-sofas-e-modelos-para-voce-ter\/","title":{"rendered":"Nada melhor que o aconchego da sua casa: 3 tipos de sof\u00e1s e modelos para voc\u00ea ter!"},"content":{"rendered":"<p><span style=\"font-family: arial, helvetica, sans-serif; font-size: 16px;\">Nesse inverno nada melhor que o aconchego da sua casa n\u00e9? Ent\u00e3o separamos 3 tipos de sof\u00e1s e modelos para voc\u00ea ter!<\/span><\/p>\n<h3><span style=\"font-family: arial, helvetica, sans-serif; font-size: 16px;\"><strong>Sof\u00e1s retr\u00e1teis ou reclin\u00e1veis<\/strong> &#8211; Op\u00e7\u00e3o ideal para salas com pouco espa\u00e7o dispon\u00edvel, este pode manter-se na posi\u00e7\u00e3o tradicional no dia a dia, com sua parte expans\u00edvel escondida, e ser \u201caberto\u201d na hora de assistir\u00a0a\u00a0um filme, por exemplo, proporcionando maior conforto.<\/span><\/h3>\n<h3><span style=\"font-family: arial, helvetica, sans-serif; font-size: 16px;\"><strong>Sof\u00e1 de canto ou em L<\/strong> &#8211; Modelo ideal para quem gosta de reunir amigos e fam\u00edlia, seu tamanho avantajado acomoda confortavelmente v\u00e1rias pessoas ao mesmo tempo.<\/span><\/h3>\n<h3><span style=\"font-family: arial, helvetica, sans-serif; font-size: 16px;\"><strong>Sof\u00e1 com chaise<\/strong> &#8211; Com sua utiliza\u00e7\u00e3o recomendada em ambientes que se primam pelo conforto, este item adicional proporcionar\u00e1 maior aconchego para seu ocupante. \u00c9 v\u00e1lido lembrar que por ter uma extens\u00e3o avantajada e fixa, \u00e9 indicado para ambientes mais amplos, n\u00e3o atrapalhando o tr\u00e2nsito no c\u00f4modo.<\/span><\/h3>\n<p>Gostou das dicas? Conte para n\u00f3s!<\/p>\n<p>Fonte: Tuacasa.com.br<\/p>\n","protected":false},"excerpt":{"rendered":"<p>Nesse inverno nada melhor que o aconchego da sua casa n\u00e9? Ent\u00e3o separamos 3 tipos de sof\u00e1s e modelos para voc\u00ea ter! Sof\u00e1s retr\u00e1teis ou reclin\u00e1veis &#8211; Op\u00e7\u00e3o ideal para salas com pouco espa\u00e7o dispon\u00edvel, este pode manter-se na posi\u00e7\u00e3o tradicional no dia a dia, com sua parte expans\u00edvel escondida, e ser \u201caberto\u201d na hora [&hellip;]<\/p>\n","protected":false},"author":1,"featured_media":463,"comment_status":"open","ping_status":"open","sticky":false,"template":"","format":"standard","meta":{"footnotes":""},"categories":[5,29],"tags":[],"class_list":{"0":"post-461","1":"post","2":"type-post","3":"status-publish","4":"format-standard","5":"has-post-thumbnail","7":"category-design","8":"category-estilo-de-vida"},"_links":{"self":[{"href":"http:\/\/sanvicente.com.br\/blog\/wp-json\/wp\/v2\/posts\/461","targetHints":{"allow":["GET"]}}],"collection":[{"href":"http:\/\/sanvicente.com.br\/blog\/wp-json\/wp\/v2\/posts"}],"about":[{"href":"http:\/\/sanvicente.com.br\/blog\/wp-json\/wp\/v2\/types\/post"}],"author":[{"embeddable":true,"href":"http:\/\/sanvicente.com.br\/blog\/wp-json\/wp\/v2\/users\/1"}],"replies":[{"embeddable":true,"href":"http:\/\/sanvicente.com.br\/blog\/wp-json\/wp\/v2\/comments?post=461"}],"version-history":[{"count":1,"href":"http:\/\/sanvicente.com.br\/blog\/wp-json\/wp\/v2\/posts\/461\/revisions"}],"predecessor-version":[{"id":462,"href":"http:\/\/sanvicente.com.br\/blog\/wp-json\/wp\/v2\/posts\/461\/revisions\/462"}],"wp:featuredmedia":[{"embeddable":true,"href":"http:\/\/sanvicente.com.br\/blog\/wp-json\/wp\/v2\/media\/463"}],"wp:attachment":[{"href":"http:\/\/sanvicente.com.br\/blog\/wp-json\/wp\/v2\/media?parent=461"}],"wp:term":[{"taxonomy":"category","embeddable":true,"href":"http:\/\/sanvicente.com.br\/blog\/wp-json\/wp\/v2\/categories?post=461"},{"taxonomy":"post_tag","embeddable":true,"href":"http:\/\/sanvicente.com.br\/blog\/wp-json\/wp\/v2\/tags?post=461"}],"curies":[{"name":"wp","href":"https:\/\/api.w.org\/{rel}","templated":true}]}}