{"id":468,"date":"2022-06-06T16:35:58","date_gmt":"2022-06-06T19:35:58","guid":{"rendered":"http:\/\/sanvicente.com.br\/blog\/?p=468"},"modified":"2022-06-08T13:34:53","modified_gmt":"2022-06-08T16:34:53","slug":"para-se-aquecer-no-inverno-5-chas-que-voce-precisa-fazer","status":"publish","type":"post","link":"http:\/\/sanvicente.com.br\/blog\/para-se-aquecer-no-inverno-5-chas-que-voce-precisa-fazer\/","title":{"rendered":"Para se aquecer no inverno: 5 Ch\u00e1s que voc\u00ea precisa fazer!"},"content":{"rendered":"<p><span style=\"font-size: 14px; font-family: 'book antiqua', palatino, serif;\"><strong>Para se aquecer no inverno: Ch\u00e1s que voc\u00ea precisa fazer!<\/strong><\/span><\/p>\n<h2><span style=\"font-size: 14px; font-family: 'book antiqua', palatino, serif;\">Com a esta\u00e7\u00e3o mais fria do ano chegando, nada melhor que achar formas de se aquecer, n\u00e3o \u00e9? Separamos 5 ch\u00e1s que voc\u00ea deve fazer para se manter aquecido no inverno.<\/span><\/h2>\n<h3><span style=\"font-size: 14px; font-family: 'book antiqua', palatino, serif;\"><strong>1 &#8211; Hortel\u00e3<\/strong><\/span><\/h3>\n<p><span style=\"font-size: 14px; font-family: 'book antiqua', palatino, serif;\">O ch\u00e1 de hortel\u00e3, al\u00e9m de manter voc\u00ea aquecido em tempos frios, tem outros benef\u00edcios: ajuda na digest\u00e3o de alimentos, no aprendizado e na mem\u00f3ria. O sabor da bebida pode ser aprimorado adicionando canela, lim\u00e3o ou gengibre.<\/span><\/p>\n<p><span style=\"font-size: 14px; font-family: 'book antiqua', palatino, serif;\">Antes de buscar por ch\u00e1 de hortel\u00e3 \u00e9 importante que voc\u00ea saiba que, por ser a mesma planta, a bebida pode n\u00e3o ser igual, pois existem dois tipos: a hortel\u00e3 japonesa e a hortel\u00e3 pimenta.<\/span><\/p>\n<h3><span style=\"font-size: 14px; font-family: 'book antiqua', palatino, serif;\"><strong>2 &#8211; Erva cidreira<\/strong><\/span><\/h3>\n<p><span style=\"font-size: 14px; font-family: 'book antiqua', palatino, serif;\">Se voc\u00ea quer se manter calmo, al\u00e9m de aquecido, nos meses frios, ent\u00e3o a sua resposta precisa ser o ch\u00e1 de erva cidreira, pois ajuda a aliviar v\u00e1rios problemas da rotina.<\/span><\/p>\n<p><span style=\"font-size: 14px; font-family: 'book antiqua', palatino, serif;\">A planta melhora a qualidade do sono e combate a ansiedade, ajudando voc\u00ea a colocar a cabe\u00e7a no lugar quando precisa, pois, cont\u00e9m \u00e1cido rosmar\u00ednico na sua composi\u00e7\u00e3o, propriedade com qualidades sedativas e calmantes.<\/span><\/p>\n<h3><span style=\"font-size: 14px; font-family: 'book antiqua', palatino, serif;\"><strong>3 &#8211; Ch\u00e1 vermelho<\/strong><\/span><\/h3>\n<p><span style=\"font-size: 14px; font-family: 'book antiqua', palatino, serif;\">O ch\u00e1 vermelho \u00e9 indicado para quem se preocupa com o cuidado corporal, se voc\u00ea se interessa por t\u00e9cnicas de tratamento com a pele, ent\u00e3o precisa come\u00e7ar a tomar ch\u00e1 vermelho, al\u00e9m de elevar a sua temperatura corporal, melhora a sa\u00fade da pele, pois possui flavonoides, que auxiliam na redu\u00e7\u00e3o do c\u00e2ncer de pele e aumentam a prote\u00e7\u00e3o de raios UV.<\/span><\/p>\n<p><span style=\"font-size: 14px; font-family: 'book antiqua', palatino, serif;\">Outra vantagem \u00e9 a acelera\u00e7\u00e3o do metabolismo, faz com que voc\u00ea tenha a sensa\u00e7\u00e3o de maior disposi\u00e7\u00e3o, efeito termog\u00eanico e fortalece o sistema imunol\u00f3gico.<\/span><\/p>\n<h3><strong><span style=\"font-family: 'book antiqua', palatino, serif; font-size: 14px;\">4 \u2013 Ch\u00e1 de ma\u00e7\u00e3 com canela<\/span><\/strong><\/h3>\n<p><span style=\"font-family: 'book antiqua', palatino, serif; font-size: 14px;\">Continuando no assunto perder peso, por\u00e9m mudando o sabor, o ch\u00e1 de ma\u00e7\u00e3 com canela tamb\u00e9m cont\u00e9m essa propriedade, al\u00e9m de diminuir a chance de doen\u00e7a cardiovascular, possuindo fibras e polifen\u00f3is.<\/span><\/p>\n<h3><strong><span style=\"font-family: 'book antiqua', palatino, serif; font-size: 14px;\">5 \u2013 Gengibre<\/span><\/strong><\/h3>\n<p><span style=\"font-family: 'book antiqua', palatino, serif; font-size: 14px;\">O ch\u00e1 de gengibre \u00e9 um cl\u00e1ssico, existem pessoas que n\u00e3o gostam, se voc\u00ea \u00e9 uma dessas, o que acha de reconsiderar? Esse ch\u00e1 tem como uma das principais caracter\u00edsticas a regulariza\u00e7\u00e3o da press\u00e3o e melhorar a fluidez do sangue.<\/span><\/p>\n<p><span style=\"font-family: 'book antiqua', palatino, serif; font-size: 14px;\">A bebida tamb\u00e9m tem a vantagem de cuidar do seu corpo prevenindo-o contra o envelhecimento precoce, al\u00e9m de melhorar doen\u00e7as musculares e resfriados, ideal para dias frios<\/span><\/p>\n<p><span style=\"font-family: 'book antiqua', palatino, serif;\">Gostou? Conta pra n\u00f3s!<\/span><\/p>\n<p><span style=\"font-family: 'book antiqua', palatino, serif;\">Fonte: Santosflora.com.br<\/span><\/p>\n<p>&nbsp;<\/p>\n","protected":false},"excerpt":{"rendered":"<p>Para se aquecer no inverno: Ch\u00e1s que voc\u00ea precisa fazer! Com a esta\u00e7\u00e3o mais fria do ano chegando, nada melhor que achar formas de se aquecer, n\u00e3o \u00e9? Separamos 5 ch\u00e1s que voc\u00ea deve fazer para se manter aquecido no inverno. 1 &#8211; Hortel\u00e3 O ch\u00e1 de hortel\u00e3, al\u00e9m de manter voc\u00ea aquecido em tempos [&hellip;]<\/p>\n","protected":false},"author":1,"featured_media":471,"comment_status":"open","ping_status":"open","sticky":false,"template":"","format":"standard","meta":{"footnotes":""},"categories":[29],"tags":[],"class_list":{"0":"post-468","1":"post","2":"type-post","3":"status-publish","4":"format-standard","5":"has-post-thumbnail","7":"category-estilo-de-vida"},"_links":{"self":[{"href":"http:\/\/sanvicente.com.br\/blog\/wp-json\/wp\/v2\/posts\/468","targetHints":{"allow":["GET"]}}],"collection":[{"href":"http:\/\/sanvicente.com.br\/blog\/wp-json\/wp\/v2\/posts"}],"about":[{"href":"http:\/\/sanvicente.com.br\/blog\/wp-json\/wp\/v2\/types\/post"}],"author":[{"embeddable":true,"href":"http:\/\/sanvicente.com.br\/blog\/wp-json\/wp\/v2\/users\/1"}],"replies":[{"embeddable":true,"href":"http:\/\/sanvicente.com.br\/blog\/wp-json\/wp\/v2\/comments?post=468"}],"version-history":[{"count":1,"href":"http:\/\/sanvicente.com.br\/blog\/wp-json\/wp\/v2\/posts\/468\/revisions"}],"predecessor-version":[{"id":472,"href":"http:\/\/sanvicente.com.br\/blog\/wp-json\/wp\/v2\/posts\/468\/revisions\/472"}],"wp:featuredmedia":[{"embeddable":true,"href":"http:\/\/sanvicente.com.br\/blog\/wp-json\/wp\/v2\/media\/471"}],"wp:attachment":[{"href":"http:\/\/sanvicente.com.br\/blog\/wp-json\/wp\/v2\/media?parent=468"}],"wp:term":[{"taxonomy":"category","embeddable":true,"href":"http:\/\/sanvicente.com.br\/blog\/wp-json\/wp\/v2\/categories?post=468"},{"taxonomy":"post_tag","embeddable":true,"href":"http:\/\/sanvicente.com.br\/blog\/wp-json\/wp\/v2\/tags?post=468"}],"curies":[{"name":"wp","href":"https:\/\/api.w.org\/{rel}","templated":true}]}}