{"id":476,"date":"2022-06-08T15:33:39","date_gmt":"2022-06-08T18:33:39","guid":{"rendered":"https:\/\/sanvicente.com.br\/blog\/?p=476"},"modified":"2022-06-08T15:34:26","modified_gmt":"2022-06-08T18:34:26","slug":"o-melhor-lugar-da-casa-inspiracoes-quartos-de-casal-aconchegantes","status":"publish","type":"post","link":"http:\/\/sanvicente.com.br\/blog\/o-melhor-lugar-da-casa-inspiracoes-quartos-de-casal-aconchegantes\/","title":{"rendered":"O melhor lugar da casa: Inspira\u00e7\u00f5es de quartos de casal aconchegantes"},"content":{"rendered":"<p><span style=\"font-family: 'book antiqua', palatino, serif;\">O quarto do casal \u00e9 o ambiente mais \u00edntimo da casa. Ele precisa ser acolhedor, aconchegante e confort\u00e1vel, al\u00e9m de reunir as caracter\u00edsticas e a personalidade das duas pessoas que habitam esse espa\u00e7o.<\/span><\/p>\n<p><span style=\"font-family: 'book antiqua', palatino, serif;\">Trouxemos algumas inspira\u00e7\u00f5es de quartos super aconchegantes para voc\u00ea!<\/span><\/p>\n<p style=\"text-align: left;\"><strong><span style=\"font-family: 'book antiqua', palatino, serif;\">Imagem 1 <\/span><span style=\"font-family: 'book antiqua', palatino, serif;\">\u2013 <\/span><span style=\"font-family: 'book antiqua', palatino, serif;\">Quadros, lumin\u00e1rias e criados mudos formam uma decora\u00e7\u00e3o <\/span><span style=\"font-family: 'book antiqua', palatino, serif;\">sim\u00e9trica e harmoniosa nesse quarto.<\/span><\/strong><\/p>\n<p><img loading=\"lazy\" decoding=\"async\" class=\"alignnone wp-image-477\" src=\"http:\/\/sanvicente.com.br\/blog\/wp-content\/uploads\/2022\/06\/20181121quarto-de-casal-8.jpg\" alt=\"\" width=\"539\" height=\"754\" srcset=\"http:\/\/sanvicente.com.br\/blog\/wp-content\/uploads\/2022\/06\/20181121quarto-de-casal-8.jpg 715w, http:\/\/sanvicente.com.br\/blog\/wp-content\/uploads\/2022\/06\/20181121quarto-de-casal-8-215x300.jpg 215w, http:\/\/sanvicente.com.br\/blog\/wp-content\/uploads\/2022\/06\/20181121quarto-de-casal-8-150x210.jpg 150w, http:\/\/sanvicente.com.br\/blog\/wp-content\/uploads\/2022\/06\/20181121quarto-de-casal-8-300x420.jpg 300w, http:\/\/sanvicente.com.br\/blog\/wp-content\/uploads\/2022\/06\/20181121quarto-de-casal-8-600x839.jpg 600w, http:\/\/sanvicente.com.br\/blog\/wp-content\/uploads\/2022\/06\/20181121quarto-de-casal-8-696x973.jpg 696w, http:\/\/sanvicente.com.br\/blog\/wp-content\/uploads\/2022\/06\/20181121quarto-de-casal-8-601x840.jpg 601w\" sizes=\"auto, (max-width: 539px) 100vw, 539px\" \/><\/p>\n<p><span style=\"font-family: 'book antiqua', palatino, serif;\"><strong>Imagem 2<\/strong>\u00a0\u2013 O verde escuro e o marrom d\u00e3o o toque de classe e sobriedade ao quarto do casal, enquanto a cabeceira de madeira clara traz um respiro moderno e despojado ao ambiente.<\/span><\/p>\n<p><img loading=\"lazy\" decoding=\"async\" class=\"alignnone wp-image-478\" src=\"http:\/\/sanvicente.com.br\/blog\/wp-content\/uploads\/2022\/06\/20181121quarto-de-casal-3.jpg\" alt=\"\" width=\"538\" height=\"796\" srcset=\"http:\/\/sanvicente.com.br\/blog\/wp-content\/uploads\/2022\/06\/20181121quarto-de-casal-3.jpg 676w, http:\/\/sanvicente.com.br\/blog\/wp-content\/uploads\/2022\/06\/20181121quarto-de-casal-3-203x300.jpg 203w, http:\/\/sanvicente.com.br\/blog\/wp-content\/uploads\/2022\/06\/20181121quarto-de-casal-3-150x222.jpg 150w, http:\/\/sanvicente.com.br\/blog\/wp-content\/uploads\/2022\/06\/20181121quarto-de-casal-3-300x444.jpg 300w, http:\/\/sanvicente.com.br\/blog\/wp-content\/uploads\/2022\/06\/20181121quarto-de-casal-3-600x888.jpg 600w, http:\/\/sanvicente.com.br\/blog\/wp-content\/uploads\/2022\/06\/20181121quarto-de-casal-3-284x420.jpg 284w, http:\/\/sanvicente.com.br\/blog\/wp-content\/uploads\/2022\/06\/20181121quarto-de-casal-3-568x840.jpg 568w\" sizes=\"auto, (max-width: 538px) 100vw, 538px\" \/><\/p>\n<p><span style=\"font-family: 'book antiqua', palatino, serif;\"><strong>Imagem 3<\/strong>\u00a0\u2013 Um quarto de casal moderno e minimalista, onde o preto e o branco s\u00e3o as cores principais; destaque para a parede de cimento queimado e a lumin\u00e1ria de parede.<\/span><\/p>\n<p><img loading=\"lazy\" decoding=\"async\" class=\"alignnone wp-image-479\" src=\"http:\/\/sanvicente.com.br\/blog\/wp-content\/uploads\/2022\/06\/20181121quarto-de-casal-2.jpg\" alt=\"\" width=\"535\" height=\"788\" srcset=\"http:\/\/sanvicente.com.br\/blog\/wp-content\/uploads\/2022\/06\/20181121quarto-de-casal-2.jpg 679w, http:\/\/sanvicente.com.br\/blog\/wp-content\/uploads\/2022\/06\/20181121quarto-de-casal-2-204x300.jpg 204w, http:\/\/sanvicente.com.br\/blog\/wp-content\/uploads\/2022\/06\/20181121quarto-de-casal-2-150x221.jpg 150w, http:\/\/sanvicente.com.br\/blog\/wp-content\/uploads\/2022\/06\/20181121quarto-de-casal-2-300x442.jpg 300w, http:\/\/sanvicente.com.br\/blog\/wp-content\/uploads\/2022\/06\/20181121quarto-de-casal-2-600x884.jpg 600w, http:\/\/sanvicente.com.br\/blog\/wp-content\/uploads\/2022\/06\/20181121quarto-de-casal-2-285x420.jpg 285w, http:\/\/sanvicente.com.br\/blog\/wp-content\/uploads\/2022\/06\/20181121quarto-de-casal-2-570x840.jpg 570w\" sizes=\"auto, (max-width: 535px) 100vw, 535px\" \/><\/p>\n<p><span style=\"font-family: 'book antiqua', palatino, serif;\">Gostou das inspira\u00e7\u00f5es? Conta pra n\u00f3s!<\/span><\/p>\n<p><span style=\"font-family: 'book antiqua', palatino, serif;\">Fonte: Decorfacil.com<\/span><\/p>\n","protected":false},"excerpt":{"rendered":"<p>O quarto do casal \u00e9 o ambiente mais \u00edntimo da casa. Ele precisa ser acolhedor, aconchegante e confort\u00e1vel, al\u00e9m de reunir as caracter\u00edsticas e a personalidade das duas pessoas que habitam esse espa\u00e7o. Trouxemos algumas inspira\u00e7\u00f5es de quartos super aconchegantes para voc\u00ea! Imagem 1 \u2013 Quadros, lumin\u00e1rias e criados mudos formam uma decora\u00e7\u00e3o sim\u00e9trica e [&hellip;]<\/p>\n","protected":false},"author":1,"featured_media":480,"comment_status":"open","ping_status":"open","sticky":false,"template":"","format":"standard","meta":{"footnotes":""},"categories":[5,29],"tags":[],"class_list":{"0":"post-476","1":"post","2":"type-post","3":"status-publish","4":"format-standard","5":"has-post-thumbnail","7":"category-design","8":"category-estilo-de-vida"},"_links":{"self":[{"href":"http:\/\/sanvicente.com.br\/blog\/wp-json\/wp\/v2\/posts\/476","targetHints":{"allow":["GET"]}}],"collection":[{"href":"http:\/\/sanvicente.com.br\/blog\/wp-json\/wp\/v2\/posts"}],"about":[{"href":"http:\/\/sanvicente.com.br\/blog\/wp-json\/wp\/v2\/types\/post"}],"author":[{"embeddable":true,"href":"http:\/\/sanvicente.com.br\/blog\/wp-json\/wp\/v2\/users\/1"}],"replies":[{"embeddable":true,"href":"http:\/\/sanvicente.com.br\/blog\/wp-json\/wp\/v2\/comments?post=476"}],"version-history":[{"count":2,"href":"http:\/\/sanvicente.com.br\/blog\/wp-json\/wp\/v2\/posts\/476\/revisions"}],"predecessor-version":[{"id":482,"href":"http:\/\/sanvicente.com.br\/blog\/wp-json\/wp\/v2\/posts\/476\/revisions\/482"}],"wp:featuredmedia":[{"embeddable":true,"href":"http:\/\/sanvicente.com.br\/blog\/wp-json\/wp\/v2\/media\/480"}],"wp:attachment":[{"href":"http:\/\/sanvicente.com.br\/blog\/wp-json\/wp\/v2\/media?parent=476"}],"wp:term":[{"taxonomy":"category","embeddable":true,"href":"http:\/\/sanvicente.com.br\/blog\/wp-json\/wp\/v2\/categories?post=476"},{"taxonomy":"post_tag","embeddable":true,"href":"http:\/\/sanvicente.com.br\/blog\/wp-json\/wp\/v2\/tags?post=476"}],"curies":[{"name":"wp","href":"https:\/\/api.w.org\/{rel}","templated":true}]}}