{"id":485,"date":"2022-06-14T16:55:02","date_gmt":"2022-06-14T19:55:02","guid":{"rendered":"https:\/\/sanvicente.com.br\/blog\/?p=485"},"modified":"2022-06-14T17:05:57","modified_gmt":"2022-06-14T20:05:57","slug":"para-os-que-amam-plantas-5-opcoes-para-voce-cultivar-no-inverno","status":"publish","type":"post","link":"http:\/\/sanvicente.com.br\/blog\/para-os-que-amam-plantas-5-opcoes-para-voce-cultivar-no-inverno\/","title":{"rendered":"Para os que amam plantas: 5 op\u00e7\u00f5es para voc\u00ea cultivar no inverno"},"content":{"rendered":"<p><strong><span style=\"font-family: 'book antiqua', palatino, serif;\">Para os que amam plantas: 5 op\u00e7\u00f5es para voc\u00ea cultivar no inverno<\/span><\/strong><\/p>\n<p><span style=\"font-family: 'book antiqua', palatino, serif;\">A temperatura caiu e o frio veio para trazer aquela vontade de estar mais e mais no aconchego do lar. Para aqueles que amam usar plantas na decora\u00e7\u00e3o, no entanto, as baixas temperaturas podem significar uma dificuldade a mais para selecionar esp\u00e9cies. Para ajudar, a arquiteta e paisagista Caterina Poli traz dicas certeiras de plantas que se d\u00e3o bem com o frio \u2013 as famosas \u201cplantas de inverno\u201c<\/span><\/p>\n<p><span style=\"font-family: 'book antiqua', palatino, serif;\"><strong>1 &#8211; Alecrim<\/strong><\/span><\/p>\n<p><span style=\"font-family: 'book antiqua', palatino, serif;\">O alecrim \u00e9 uma erva com aroma forte muito utilizada na decora\u00e7\u00e3o por trazer um cheiro agrad\u00e1vel e tranquilizador. \u00c9 uma planta indicada para o frio, j\u00e1 que aprecia a temperatura ambiente e gosta de luz solar direta sem excesso. Vale o recado de que a planta n\u00e3o deve ficar exposta a temperaturas muito baixas \u2013 como no caso de locais que esporadicamente passam por geadas.<\/span><\/p>\n<p><span style=\"font-family: 'book antiqua', palatino, serif;\"><strong>2 &#8211; Lavanda <\/strong><\/span><\/p>\n<p><span style=\"font-family: 'book antiqua', palatino, serif;\">A Lavanda \u00e9 uma planta de inverno muito querida por suas propriedades tranquilizantes que despertam a criatividade \u2013 n\u00e3o \u00e9 \u00e0 toa que boa parte dos \u00f3leos aromatizadores possuem o aroma dessa esp\u00e9cie. A lavanda costuma florescer no outono e no inverno, e \u00e9 resistente a temperaturas mais frias, suportando inclusive geadas ocasionais.<\/span><\/p>\n<p><span style=\"font-family: 'book antiqua', palatino, serif;\"><strong>3 &#8211; Hort\u00eancia<\/strong><\/span><\/p>\n<p><span style=\"font-family: 'book antiqua', palatino, serif;\">Perfeitas para decora\u00e7\u00f5es delicadas e charmosas, as Hort\u00eansias possuem colora\u00e7\u00e3o que varia entre azul e lil\u00e1s. Elas s\u00e3o \u00f3timas plantas de frio pois se d\u00e3o bem com temperaturas amenas. Sua flora\u00e7\u00e3o pode acontecer at\u00e9 sete meses depois do plantio.<\/span><\/p>\n<p><span style=\"font-family: 'book antiqua', palatino, serif;\"><strong>4 &#8211; Babosa<\/strong><\/span><\/p>\n<p><span style=\"font-family: 'book antiqua', palatino, serif;\">A babosa \u00e9 uma planta que vem se tornando mais popular a cada dia, seja para compor um jardim ou pela sua contribui\u00e7\u00e3o cosm\u00e9tica. Durante os dias mais frios, a babosa pode ser uma grande aliada para para purificar o ambiente. A vantagem de cultivar essa esp\u00e9cie durante o frio \u00e9 que ela \u00e9 bastante r\u00fastica e sobrevive a temperaturas de at\u00e9 4\u00baC.<\/span><\/p>\n<p><span style=\"font-family: 'book antiqua', palatino, serif;\"><strong>5 &#8211; Azal\u00e9ia-Pink<\/strong><\/span><\/p>\n<p><span style=\"font-family: 'book antiqua', palatino, serif;\">A Azal\u00e9ia-pink n\u00e3o s\u00f3 se adequa melhor \u00e0s baixas temperaturas, como de fato \u00e9 uma planta de frio, pois surge em diversas \u00e9pocas do ano, mas especialmente nas esta\u00e7\u00f5es mais frias. Trata-se de uma esp\u00e9cie muito vers\u00e1til que se adapta a diferentes temperaturas e ambientes internos e externos.<\/span><\/p>\n<p><span style=\"font-family: 'book antiqua', palatino, serif;\">Gostou? Conta pra n\u00f3s!<\/span><\/p>\n<p><span style=\"font-family: 'book antiqua', palatino, serif;\">Fonte: Casacor.abril.com.br<\/span><\/p>\n<p>&nbsp;<\/p>\n","protected":false},"excerpt":{"rendered":"<p>Para os que amam plantas: 5 op\u00e7\u00f5es para voc\u00ea cultivar no inverno A temperatura caiu e o frio veio para trazer aquela vontade de estar mais e mais no aconchego do lar. Para aqueles que amam usar plantas na decora\u00e7\u00e3o, no entanto, as baixas temperaturas podem significar uma dificuldade a mais para selecionar esp\u00e9cies. Para [&hellip;]<\/p>\n","protected":false},"author":1,"featured_media":487,"comment_status":"open","ping_status":"open","sticky":false,"template":"","format":"standard","meta":{"footnotes":""},"categories":[5,29],"tags":[],"class_list":{"0":"post-485","1":"post","2":"type-post","3":"status-publish","4":"format-standard","5":"has-post-thumbnail","7":"category-design","8":"category-estilo-de-vida"},"_links":{"self":[{"href":"http:\/\/sanvicente.com.br\/blog\/wp-json\/wp\/v2\/posts\/485","targetHints":{"allow":["GET"]}}],"collection":[{"href":"http:\/\/sanvicente.com.br\/blog\/wp-json\/wp\/v2\/posts"}],"about":[{"href":"http:\/\/sanvicente.com.br\/blog\/wp-json\/wp\/v2\/types\/post"}],"author":[{"embeddable":true,"href":"http:\/\/sanvicente.com.br\/blog\/wp-json\/wp\/v2\/users\/1"}],"replies":[{"embeddable":true,"href":"http:\/\/sanvicente.com.br\/blog\/wp-json\/wp\/v2\/comments?post=485"}],"version-history":[{"count":3,"href":"http:\/\/sanvicente.com.br\/blog\/wp-json\/wp\/v2\/posts\/485\/revisions"}],"predecessor-version":[{"id":491,"href":"http:\/\/sanvicente.com.br\/blog\/wp-json\/wp\/v2\/posts\/485\/revisions\/491"}],"wp:featuredmedia":[{"embeddable":true,"href":"http:\/\/sanvicente.com.br\/blog\/wp-json\/wp\/v2\/media\/487"}],"wp:attachment":[{"href":"http:\/\/sanvicente.com.br\/blog\/wp-json\/wp\/v2\/media?parent=485"}],"wp:term":[{"taxonomy":"category","embeddable":true,"href":"http:\/\/sanvicente.com.br\/blog\/wp-json\/wp\/v2\/categories?post=485"},{"taxonomy":"post_tag","embeddable":true,"href":"http:\/\/sanvicente.com.br\/blog\/wp-json\/wp\/v2\/tags?post=485"}],"curies":[{"name":"wp","href":"https:\/\/api.w.org\/{rel}","templated":true}]}}