{"id":501,"date":"2022-06-30T15:51:51","date_gmt":"2022-06-30T18:51:51","guid":{"rendered":"https:\/\/sanvicente.com.br\/blog\/?p=501"},"modified":"2022-06-30T15:51:51","modified_gmt":"2022-06-30T18:51:51","slug":"3-opcoes-de-cafes-para-voce-se-esquentar-no-moinhos-de-vento","status":"publish","type":"post","link":"http:\/\/sanvicente.com.br\/blog\/3-opcoes-de-cafes-para-voce-se-esquentar-no-moinhos-de-vento\/","title":{"rendered":"3 op\u00e7\u00f5es de caf\u00e9s para voc\u00ea se esquentar no Moinhos de Vento"},"content":{"rendered":"<p><span style=\"font-family: 'book antiqua', palatino, serif;\">Nesse frio nada melhor que estar aquecido com um bom caf\u00e9, n\u00e3o \u00e9 mesmo? Por isso trouxemos 3 op\u00e7\u00f5es de caf\u00e9s para voc\u00ea se esquentar no Moinhos de Vento<\/span><\/p>\n<p><span style=\"font-family: 'book antiqua', palatino, serif;\"><strong>Quiero Caf\u00e9<\/strong> &#8211; Com uma proposta aconchegante fica localizado ao lado da Pra\u00e7a Dr. Maur\u00edcio Cardoso.<\/span><\/p>\n<p><span style=\"font-family: 'book antiqua', palatino, serif;\"><strong>Vive Le Caf\u00e9<\/strong> &#8211; Caf\u00e9s de produtores brasileiros, com rastreabilidade desde o cultivo, localizado na Pra\u00e7a Dr. Maur\u00edcio Cardoso.<\/span><\/p>\n<p><span style=\"font-family: 'book antiqua', palatino, serif;\"><strong>Poa Caf\u00e9 &#8211; Armaz\u00e9m<\/strong> &#8211; Uma cafeteria e armaz\u00e9m localizado no cora\u00e7\u00e3o do bairro Moinhos de Vento em Porto Alegre.<\/span><\/p>\n<p><span style=\"font-family: 'book antiqua', palatino, serif;\">Gostou? Conta pra n\u00f3s!<\/span><\/p>\n","protected":false},"excerpt":{"rendered":"<p>Nesse frio nada melhor que estar aquecido com um bom caf\u00e9, n\u00e3o \u00e9 mesmo? Por isso trouxemos 3 op\u00e7\u00f5es de caf\u00e9s para voc\u00ea se esquentar no Moinhos de Vento Quiero Caf\u00e9 &#8211; Com uma proposta aconchegante fica localizado ao lado da Pra\u00e7a Dr. Maur\u00edcio Cardoso. Vive Le Caf\u00e9 &#8211; Caf\u00e9s de produtores brasileiros, com rastreabilidade [&hellip;]<\/p>\n","protected":false},"author":1,"featured_media":502,"comment_status":"open","ping_status":"open","sticky":false,"template":"","format":"standard","meta":{"footnotes":""},"categories":[29],"tags":[],"class_list":{"0":"post-501","1":"post","2":"type-post","3":"status-publish","4":"format-standard","5":"has-post-thumbnail","7":"category-estilo-de-vida"},"_links":{"self":[{"href":"http:\/\/sanvicente.com.br\/blog\/wp-json\/wp\/v2\/posts\/501","targetHints":{"allow":["GET"]}}],"collection":[{"href":"http:\/\/sanvicente.com.br\/blog\/wp-json\/wp\/v2\/posts"}],"about":[{"href":"http:\/\/sanvicente.com.br\/blog\/wp-json\/wp\/v2\/types\/post"}],"author":[{"embeddable":true,"href":"http:\/\/sanvicente.com.br\/blog\/wp-json\/wp\/v2\/users\/1"}],"replies":[{"embeddable":true,"href":"http:\/\/sanvicente.com.br\/blog\/wp-json\/wp\/v2\/comments?post=501"}],"version-history":[{"count":2,"href":"http:\/\/sanvicente.com.br\/blog\/wp-json\/wp\/v2\/posts\/501\/revisions"}],"predecessor-version":[{"id":504,"href":"http:\/\/sanvicente.com.br\/blog\/wp-json\/wp\/v2\/posts\/501\/revisions\/504"}],"wp:featuredmedia":[{"embeddable":true,"href":"http:\/\/sanvicente.com.br\/blog\/wp-json\/wp\/v2\/media\/502"}],"wp:attachment":[{"href":"http:\/\/sanvicente.com.br\/blog\/wp-json\/wp\/v2\/media?parent=501"}],"wp:term":[{"taxonomy":"category","embeddable":true,"href":"http:\/\/sanvicente.com.br\/blog\/wp-json\/wp\/v2\/categories?post=501"},{"taxonomy":"post_tag","embeddable":true,"href":"http:\/\/sanvicente.com.br\/blog\/wp-json\/wp\/v2\/tags?post=501"}],"curies":[{"name":"wp","href":"https:\/\/api.w.org\/{rel}","templated":true}]}}