{"id":528,"date":"2022-08-15T15:42:20","date_gmt":"2022-08-15T18:42:20","guid":{"rendered":"http:\/\/sanvicente.com.br\/blog\/?p=528"},"modified":"2022-08-15T15:42:20","modified_gmt":"2022-08-15T18:42:20","slug":"para-os-apaixonados-por-flores-conheca-as-floriculturas-no-bairro-moinhos","status":"publish","type":"post","link":"http:\/\/sanvicente.com.br\/blog\/para-os-apaixonados-por-flores-conheca-as-floriculturas-no-bairro-moinhos\/","title":{"rendered":"Para os apaixonados por flores: Conhe\u00e7a as floriculturas no bairro Moinhos"},"content":{"rendered":"<p>Voc\u00ea tamb\u00e9m \u00e9 aquela pessoa que ama ter a casa colorida e decorada com flores? Trouxemos algumas op\u00e7\u00f5es de floricultura no bairro Moinhos para voc\u00ea se encantar \ud83d\udc90<\/p>\n<p><strong>Arteplantas | Flores e Paisagismo<\/strong><\/p>\n<p><img loading=\"lazy\" decoding=\"async\" class=\"\" src=\"https:\/\/static.wixstatic.com\/media\/ef9534_aca91e1728774739b5e33031f7c77600~mv2.jpg\/v1\/fit\/w_776,h_477,q_90\/ef9534_aca91e1728774739b5e33031f7c77600~mv2.webp\" width=\"422\" height=\"316\" \/><\/p>\n<p><span style=\"font-size: 12px;\">Localizada no cora\u00e7\u00e3o do Bairro Moinhos de Ventos, na Rua Padre Chagas, 178, em Porto Alegre<\/span><\/p>\n<p><strong>Arquitetura das Flores<\/strong><\/p>\n<p><img loading=\"lazy\" decoding=\"async\" class=\"\" src=\"https:\/\/arquiteturadasflores.com.br\/wp-content\/uploads\/2022\/07\/produtos-home-decor-7-scaled.jpeg\" alt=\"produtos-home-decor-7\" width=\"416\" height=\"624\" \/><\/p>\n<p><span style=\"font-size: 12px;\">Dr. Tim\u00f3teo, 732, Moinhos de Vento, Porto Alegre, RS<\/span><\/p>\n<p><b>Kokedama<\/b><\/p>\n<p><img loading=\"lazy\" decoding=\"async\" class=\"\" src=\"https:\/\/i.pinimg.com\/736x\/32\/a5\/73\/32a573573d7cd045d5d5a8a7eea354c3.jpg\" alt=\"Kokedama G + Pilea\" width=\"404\" height=\"606\" \/><\/p>\n<p><span style=\"font-size: 12px;\">Rua Flor\u00eancio Ygartua, 271<\/span><\/p>\n<p>Gostou? Conta pra n\u00f3s! &lt;3<\/p>\n","protected":false},"excerpt":{"rendered":"<p>Voc\u00ea tamb\u00e9m \u00e9 aquela pessoa que ama ter a casa colorida e decorada com flores? Trouxemos algumas op\u00e7\u00f5es de floricultura no bairro Moinhos para voc\u00ea se encantar \ud83d\udc90 Arteplantas | Flores e Paisagismo Localizada no cora\u00e7\u00e3o do Bairro Moinhos de Ventos, na Rua Padre Chagas, 178, em Porto Alegre Arquitetura das Flores Dr. Tim\u00f3teo, 732, [&hellip;]<\/p>\n","protected":false},"author":1,"featured_media":529,"comment_status":"open","ping_status":"open","sticky":false,"template":"","format":"standard","meta":{"footnotes":""},"categories":[5,29],"tags":[],"class_list":{"0":"post-528","1":"post","2":"type-post","3":"status-publish","4":"format-standard","5":"has-post-thumbnail","7":"category-design","8":"category-estilo-de-vida"},"_links":{"self":[{"href":"http:\/\/sanvicente.com.br\/blog\/wp-json\/wp\/v2\/posts\/528","targetHints":{"allow":["GET"]}}],"collection":[{"href":"http:\/\/sanvicente.com.br\/blog\/wp-json\/wp\/v2\/posts"}],"about":[{"href":"http:\/\/sanvicente.com.br\/blog\/wp-json\/wp\/v2\/types\/post"}],"author":[{"embeddable":true,"href":"http:\/\/sanvicente.com.br\/blog\/wp-json\/wp\/v2\/users\/1"}],"replies":[{"embeddable":true,"href":"http:\/\/sanvicente.com.br\/blog\/wp-json\/wp\/v2\/comments?post=528"}],"version-history":[{"count":1,"href":"http:\/\/sanvicente.com.br\/blog\/wp-json\/wp\/v2\/posts\/528\/revisions"}],"predecessor-version":[{"id":530,"href":"http:\/\/sanvicente.com.br\/blog\/wp-json\/wp\/v2\/posts\/528\/revisions\/530"}],"wp:featuredmedia":[{"embeddable":true,"href":"http:\/\/sanvicente.com.br\/blog\/wp-json\/wp\/v2\/media\/529"}],"wp:attachment":[{"href":"http:\/\/sanvicente.com.br\/blog\/wp-json\/wp\/v2\/media?parent=528"}],"wp:term":[{"taxonomy":"category","embeddable":true,"href":"http:\/\/sanvicente.com.br\/blog\/wp-json\/wp\/v2\/categories?post=528"},{"taxonomy":"post_tag","embeddable":true,"href":"http:\/\/sanvicente.com.br\/blog\/wp-json\/wp\/v2\/tags?post=528"}],"curies":[{"name":"wp","href":"https:\/\/api.w.org\/{rel}","templated":true}]}}